{"id":100367,"date":"2026-03-17T07:30:00","date_gmt":"2026-03-17T05:30:00","guid":{"rendered":"https:\/\/now-news.de\/de\/deutschland\/weimers-buecherverbrennung-zensur-als-machtinstrument\/"},"modified":"2026-03-17T07:30:00","modified_gmt":"2026-03-17T05:30:00","slug":"weimers-buecherverbrennung-zensur-als-machtinstrument","status":"publish","type":"post","link":"https:\/\/now-news.de\/de\/deutschland\/weimers-buecherverbrennung-zensur-als-machtinstrument\/","title":{"rendered":"Weimers &quot;B\u00fccherverbrennung&quot;: Zensur als Machtinstrument"},"content":{"rendered":"<p><img decoding=\"async\" src=\"https:\/\/now-news.de\/de\/wp-content\/uploads\/sites\/3\/2026\/03\/69b80cc848fbef22d23b2d73.jpg\" \/><\/p>\n<div class=\"Text-root Text-type_1 \">\n                Ob Intendanten, Filmemacher oder Buchh\u00e4ndler: Staatsminister und Lobbyprofiteur Wolfram Weimer l\u00e4sst sie immer dreister bespitzeln und zensieren. Neu daran ist aber nur das Ausma\u00df, und das ist weniger ein Personalproblem als ein Symptom sich zuspitzender System-Widerspr\u00fcche.\n            <\/div>\n<p><\/p>\n<div class=\"Text-root Text-type_5 ArticleView-text ViewText-root \">\n<p><em>Von Alexandra Nollok<\/em><\/p>\n<p>Er schikaniert Filmemacher, Vereine und Buchh\u00e4ndler, setzt Veranstalter unter Existenzdruck, betreibt politische Zensur in einer Offenheit, wie man sie nicht mal von der Stasi der DDR erwartet h\u00e4tte: Wolfram Weimer, Kultur- und Medienstaatsminister unter Bundeskanzler Friedrich Merz (CDU), habe nun mit dem Ausschluss dreier Gesch\u00e4fte von einem Buchhandlungspreis (und der Absage der f\u00fcr kommendes Wochenende in Leipzig geplanten \u00f6ffentlichen Verleihung) f\u00fcr einen &#8220;Eklat&#8221;\u00a0gesorgt, berichten Medien. Sie tun noch immer so, als gehe es um einen Einzelfall, der Weimers Charakter geschuldet sei. Das stimmt aber nicht.<\/p>\n<p>Die Liste der von Weimer Eingesch\u00fcchterten wird l\u00e4nger, ihre Wirkung als Exempel gr\u00f6\u00dfer. Die Praxis ist nicht auf Deutschland beschr\u00e4nkt und Ausdruck einer politischen Entwicklung im gesamten &#8220;Westen&#8221;. Denn wenn die \u00f6konomischen Widerspr\u00fcche sich zuspitzen, mehr Opfer, Armut und Unmut produzieren, versagt die Propaganda. Dann gilt es, Abweichler und Aufm\u00fcpfige pr\u00e4ventiv zu disziplinieren \u2013 unabh\u00e4ngig von der gerade regierenden Partei. Viele kleine Stiche erzielen gro\u00dfe Wirkung \u2013 die Stiche mehren sich.<\/p>\n<h4><strong><\/strong><strong>Meinungskontrolle<\/strong><\/h4>\n<p>Wer die Bev\u00f6lkerung disziplinieren will, muss relevante \u00f6ffentliche \u00c4u\u00dferungen kontrollieren, um die Meinungen der Masse nach seinem Gusto zu beeinflussen. Nicht nur die aktive politische Opposition, sondern zunehmend Journalisten, Influencer, Vereine, Universit\u00e4ten, Professoren, Filmemacher, K\u00fcnstler und nun auch Buchh\u00e4ndler geraten dabei in den staatlichen Fokus. Das Canceln der drei Gesch\u00e4fte von einem (eher kleinen) F\u00f6rderpreis ist kein Ausnahme-Eklat, sondern Teil einer <a rel=\"nofollow\" target=\"_blank\" href=\"https:\/\/freedert.online\/inland\/272983-wolfram-weimer-fluechtet-vor-preisverleihung\/\" target=\"_blank\" rel=\"noopener noreferrer\">alarmierenden Entwicklung<\/a>.<\/p>\n<p>Die Zensur kam nicht pl\u00f6tzlich, heute sind nur mehr Menschen von ihr betroffen. Ausgeschlossen hat Weimer die Buchhandlungen nach dem sogenannten Haber-Verfahren. Das praktiziert der deutsche Staat bereits seit dem Jahr 2004. F\u00fcnf Jahre sp\u00e4ter zog der damalige Bundesinnenminister Thomas de Maizi\u00e8re (CDU) die Daumenschrauben weiter an. Danach soll der Staat alle \u00f6ffentlich gef\u00f6rderten Kulturprojekte von seinem Inlandsgeheimdienst, dem Bundesamt f\u00fcr Verfassungsschutz, politisch \u00fcberpr\u00fcfen lassen.<\/p>\n<p>Die \u00dcberwachung von Kunst, Kultur und Bildung ist demnach seit 20 Jahren g\u00e4ngige Praxis. Die Neuigkeit ist lediglich: Der politische Raum wird offensichtlich immer enger, in dem \u00f6ffentliche Akteure noch ohne Konsequenzen agieren d\u00fcrfen. Der Kampf der Herrschenden um die K\u00f6pfe wird immer aggressiver.<\/p>\n<h4><strong><\/strong><strong>Politische Pr\u00e4missen<\/strong><\/h4>\n<p>Weimers Zensurhammer bekam k\u00fcrzlich auch die Intendantin der Internationalen Filmfestspiele (Berlinale), Tricia Tuttle, zu sp\u00fcren. Er wollte sie entlassen, weil der preisgekr\u00f6nte pal\u00e4stinensische Filmemacher Abdallah Alkhatib der Bundesregierung in seiner Rede vorgeworfen hatte, dem Staat Israel beim V\u00f6lkermord im Gazastreifen zu helfen. Das ist eine objektive Tatsache. Die deutsche F\u00fchrung r\u00fchmt sich sogar ihrer Waffengesch\u00e4fte mit dem T\u00e4ter, gegen den ein Genozid-Verfahren am Internationalen Gerichtshof l\u00e4uft.<\/p>\n<p>Wer das heute kritisiert, muss nicht &#8220;nur&#8221;\u00a0Medienkampagnen f\u00fcrchten, sondern oft harte Konsequenzen tragen, bis hin zur Entlassung und zum Strafprozess. Gleiches gilt f\u00fcr Kriegs- und Aufr\u00fcstungsgegner, die etwa zum Frieden mit Russland aufrufen. Sogar ein <a rel=\"nofollow\" target=\"_blank\" href=\"https:\/\/verfassungsblog.de\/marx-grundgesetz\/\">Marx-Lesekreis<\/a> geriet schon einmal ins Visier der &#8220;Schlapph\u00fcte&#8221;.<\/p>\n<p>Die Gruppen, gegen die sich Medienkampagnen und politische Zensoren richten, wechseln. Vor ein paar Jahren noch waren sogenannte &#8220;Klimaleugner&#8221;\u00a0ein beliebtes Angriffsziel. Mit seinen Ansichten w\u00e4re Weimer damals ebenso bezeichnet worden. Die spiegeln sich in zahlreichen Artikeln im Magazin <em><a rel=\"nofollow\" target=\"_blank\" href=\"https:\/\/www.theeuropean.de\/suche?tx_solr%5Bq%5D=klimawandel\" target=\"_blank\" rel=\"noopener noreferrer\">The European<\/a><\/em>\u00a0wider, das in Weimers Verlag erscheint. Heute ist er Kultur- und Medienstaatsminister. Die politischen Pr\u00e4missen \u00e4ndern sich.<\/p>\n<p>Auch von den gro\u00dfen b\u00fcrgerlichen &#8220;Demos gegen rechts&#8221;\u00a0ist nichts mehr \u00fcbrig. Kein Wunder: Weimer hat eine lange Karriere in einem Spektrum hinter sich, was viele damals noch als &#8220;rechten Rand&#8221;\u00a0verortet h\u00e4tten. Er war Chefredakteur beim <em>Fokus<\/em>\u00a0und dem Axel-Springer-Blatt <em>Die Welt<\/em>, gr\u00fcndete das Blatt <em>Cicero<\/em>\u00a0und schlie\u00dflich im Jahr 2012 seinen Verlag &#8220;Weimer Media Group&#8221;. Hetzschriften gegen Arme und Schwache geh\u00f6ren in all diesen Publikationen zum Standardrepertoire. Pers\u00f6nliche Bereicherung ist auch im Spiel: Weimers Verlag arrangierte bekanntlich f\u00fcr bis zu 80.000 Euro Treffen f\u00fcr Gesch\u00e4ftsleute mit hohen Politikern \u2013 man munkelt, um Gesetze zu beeinflussen. Als das letztes Jahr aufflog, blieben Konsequenzen f\u00fcr ihn aus.<\/p>\n<p>Weimer hat auch B\u00fccher geschrieben, zum Beispiel &#8220;Das konservative Manifest&#8221;. Darin ruft er faktisch zur gehorsamen Unterwerfung unter einen autorit\u00e4ren, &#8220;christlichen&#8221;\u00a0Staat auf, der sich aggressiv gegen das &#8220;Ende der kulturellen Suprematie&#8221;\u00a0wehren m\u00fcsse. Er bedauert gar, dass &#8220;Europa sich nicht mehr r\u00e4umlich vermehrt&#8221;, die &#8220;Kolonialzeit als S\u00fcndenfall darstellt&#8221;\u00a0und das Christentum angeblich &#8220;bek\u00e4mpft&#8221;.<\/p>\n<h4><strong><\/strong><strong>Repressive Symptombek\u00e4mpfung<\/strong><\/h4>\n<p>Weimers politische Ansichten sind denen des Kanzlers nicht un\u00e4hnlich. Seit Jahrzehnten fordert der ehemalige BlackRock-Deutschland-Chef vernichtende Ma\u00dfnahmen gegen Arbeitslose und Migranten, mittlerweile auch gegen politische Gegner (Zitat: &#8220;linke und gr\u00fcne Spinner&#8221;). Schon im Jahr 2008 rief er \u00f6ffentlich dazu auf, den Hartz-IV-Satz auf 132 Euro zu senken. Heute schwingt Merz als Kanzler die Peitsche.<\/p>\n<p>Dass Merz als transatlantischer Hardliner und neoliberaler Dogmatiker Leuten wie Weimer die politische Karriere erm\u00f6glicht, ist nicht verwunderlich. Gleichwohl sind die Politiker (und andere aus ihrer F\u00fchrungsriege) nur Symptome einer Entwicklung, die nicht nur in Deutschland zu sehen ist. Man k\u00f6nnte auch sagen: Merz und Weimer sind Repr\u00e4sentanten, die eine repressive Bek\u00e4mpfung jener Symptome sicherstellen, die Leute wie sie durch ihren neoliberalen Sozialkahlschlag erst verursacht haben.<\/p>\n<p>Auch aus gr\u00f6\u00dferer Perspektive ist das nur konsequent: Die sich im Eiltempo zuspitzende Krisendynamik des westlichen Imperialismus sorgt f\u00fcr so enorme globale und nationale soziale Verwerfungen, darunter Verelendung, Kriege und Fl\u00fcchtlingsstr\u00f6me, dass die herrschende Klasse ihre autorit\u00e4ren Z\u00fcgel nun massiv anzieht, um bef\u00fcrchtete Unruhen im Keim zu ersticken. Ob in Deutschland, anderen EU-Staaten oder in den USA: Wer nicht mitl\u00e4uft, wird zunehmend zensiert, \u00fcberwacht, bedroht, verfolgt, letztlich aus Unis, Schulen, Medien, Beh\u00f6rden und Kulturbetrieben &#8220;ges\u00e4ubert&#8221;. \u00a0<strong><\/strong><\/p>\n<h4><strong><\/strong><strong>Nichts Neues im Westen<\/strong><\/h4>\n<p>B\u00fcrgerliche Demokratien fabulieren zwar von Freiheit, haben aber immer schon politische Gegner ins Visier genommen. Erinnert sei an das KPD-Verbot im Jahr 1956 und die Berufsverbote im Jahr 1972, die vor allem Kommunisten und alle trafen, die der Geheimdienst daf\u00fcr hielt. Letzteres ist immer noch ein g\u00e4ngiges Modell, das sich heute hinter sogenannten <a rel=\"nofollow\" target=\"_blank\" href=\"https:\/\/www.ndr.de\/nachrichten\/niedersachsen\/verfassungsfeinde-im-staatsdienst-kuenftig-rausschmiss-bei-verdacht,beamte-118.html\">Verfassungstreue-Checks f\u00fcr Beamte<\/a> und staatsnahe Angestellte versteckt \u2013 und sogar ausgeweitet wird.\u00a0<\/p>\n<p>Ob Journalisten, Publizisten, Autoren, Anw\u00e4lte oder Kulturvereine: Sie alle k\u00f6nnen seit Langem schneller ins geheimdienstliche Visier geraten, als ihnen lieb ist. So kam etwa im Jahr 2013 heraus, dass der nieders\u00e4chsische Verfassungsschutz \u00fcber lange Zeit Journalisten <a rel=\"nofollow\" target=\"_blank\" href=\"https:\/\/www.lto.de\/recht\/hintergruende\/h\/beobachtung-verfassungsschutz-journalisten-abgeordnete-bodo-ramelow\" target=\"_blank\" rel=\"noopener noreferrer\">auf Schritt und Tritt bespitzelte<\/a>. F\u00fcnf Jahre sp\u00e4ter entschied das Oberverwaltungsgericht Nordrhein-Westfalen, der Inlandsgeheimdienst habe einen Anwalt und Publizisten 30 Jahre lang <a rel=\"nofollow\" target=\"_blank\" href=\"https:\/\/www.lto.de\/recht\/nachrichten\/n\/ovg-nordrhein-westfalen-16a906-11-langzeit-ueberwachung-rechtswidrig-anwalt-verfassungsschutz\" target=\"_blank\" rel=\"noopener noreferrer\">rechtswidrig beobachtet<\/a>.\u00a0<\/p>\n<h4><strong>Keine Einzelf\u00e4lle<\/strong><\/h4>\n<p>Da Geheimdienste bekanntlich geheim operieren, kann man nicht davon ausgehen, dass dies Einzelf\u00e4lle sind. \u00c4hnlich naiv w\u00e4re die Annahme, eine andere b\u00fcrgerliche Partei an der Regierungsspitze w\u00fcrde ihre politischen Gegner nicht \u00fcberwachen, zensieren und verfolgen. F\u00fcr die deutschen Manager der &#8220;wertewestlichen&#8221;\u00a0Ordnung war das Grundgesetz schon immer Auslegungssache.<\/p>\n<p>Das Ausma\u00df und die Methoden der politischen Verfolgung \u2013 bis hin zu Medienverboten, Kontosperrungen und physischer Zerst\u00f6rung durch Sanktionen \u2013 sind dennoch neu. Alarmieren muss die zunehmend dreiste Offenheit, mit welcher der Staat echte oder vermeintliche politische Gegner verfolgt. Ohne harte Gegenwehr wird er das nicht mehr zur\u00fcckfahren, schon gar nicht in Zeiten sich global zuspitzender Machtk\u00e4mpfe auf dem R\u00fccken der Massen. Ein blo\u00dfer Regierungswechsel wird nicht gen\u00fcgen.<\/p>\n<p><strong>Mehr zum Thema<\/strong> &#8211; <a rel=\"nofollow\" target=\"_blank\" href=\"https:\/\/freedert.online\/kurzclips\/video\/264387-kulturstaatsminister-afd-kreise-lassen-drohnen\/\" target=\"_blank\" rel=\"noopener noreferrer\">Kulturstaatsminister: &#8220;AfD-Kreise lassen Drohnen \u00fcber meinem Haus fliegen&#8221;<\/a><\/p>\n<\/div>\n<p><br \/>\n<br \/><a href=\"https:\/\/de.rt.com\/inland\/273515-weimers-buecherverbrennung-zensur-als-machtinstrument\/\">Source link <\/a><\/p>\n","protected":false},"excerpt":{"rendered":"<p>Ob Intendanten, Filmemacher oder Buchh\u00e4ndler: Staatsminister und Lobbyprofiteur Wolfram Weimer l\u00e4sst sie immer dreister bespitzeln und zensieren. Neu daran ist aber nur das Ausma\u00df, und das ist weniger ein Personalproblem als ein Symptom sich zuspitzender System-Widerspr\u00fcche. Von Alexandra Nollok Er schikaniert Filmemacher, Vereine und Buchh\u00e4ndler, setzt Veranstalter unter Existenzdruck, betreibt politische Zensur in einer Offenheit, [&hellip;]<\/p>\n","protected":false},"author":3,"featured_media":100368,"comment_status":"open","ping_status":"open","sticky":false,"template":"","format":"standard","meta":{"_yoast_indexnow_last_ping":["1773726189"],"wp_automatic_camp":["217"],"39d326cc92b2cdc25dff3402fbd225b9":["Weimers &quot;B\u00fccherverbrennung&quot;: Zensur als Machtinstrument"],"original_link":["https:\/\/de.rt.com\/inland\/273515-weimers-buecherverbrennung-zensur-als-machtinstrument\/"],"_thumbnail_id":["100368"],"jnews_social_counter_last_update":["1777443564"],"_wptgpro_p2tg_sent2tg":["a:1:{i:23737;s:19:\"2026-03-17 07:44:16\";}"]},"categories":[19,23],"tags":[273,71805,71804,71803,5381],"yoast_head":"<!-- This site is optimized with the Yoast SEO Premium plugin v22.7 (Yoast SEO v22.7) - https:\/\/yoast.com\/wordpress\/plugins\/seo\/ -->\n<title>Weimers &quot;B\u00fccherverbrennung&quot;: Zensur als Machtinstrument - just-now.NEWS Deutschland<\/title>\n<meta name=\"robots\" content=\"index, follow, max-snippet:-1, max-image-preview:large, max-video-preview:-1\" \/>\n<link rel=\"canonical\" href=\"https:\/\/now-news.de\/de\/deutschland\/weimers-buecherverbrennung-zensur-als-machtinstrument\/\" \/>\n<meta property=\"og:locale\" content=\"de_DE\" \/>\n<meta property=\"og:type\" content=\"article\" \/>\n<meta property=\"og:title\" content=\"Weimers &quot;B\u00fccherverbrennung&quot;: Zensur als Machtinstrument\" \/>\n<meta property=\"og:description\" content=\"Ob Intendanten, Filmemacher oder Buchh\u00e4ndler: Staatsminister und Lobbyprofiteur Wolfram Weimer l\u00e4sst sie immer dreister bespitzeln und zensieren. Neu daran ist aber nur das Ausma\u00df, und das ist weniger ein Personalproblem als ein Symptom sich zuspitzender System-Widerspr\u00fcche. Von Alexandra Nollok Er schikaniert Filmemacher, Vereine und Buchh\u00e4ndler, setzt Veranstalter unter Existenzdruck, betreibt politische Zensur in einer Offenheit, [&hellip;]\" \/>\n<meta property=\"og:url\" content=\"https:\/\/now-news.de\/de\/deutschland\/weimers-buecherverbrennung-zensur-als-machtinstrument\/\" \/>\n<meta property=\"og:site_name\" content=\"just-now.NEWS Deutschland\" \/>\n<meta property=\"article:publisher\" content=\"https:\/\/www.facebook.com\/wirmachenauf\" \/>\n<meta property=\"article:published_time\" content=\"2026-03-17T05:30:00+00:00\" \/>\n<meta property=\"og:image\" content=\"https:\/\/now-news.de\/de\/wp-content\/uploads\/sites\/3\/2026\/03\/69b80cc848fbef22d23b2d73.jpg\" \/>\n<meta name=\"author\" content=\"rtnews\" \/>\n<meta name=\"twitter:card\" content=\"summary_large_image\" \/>\n<meta name=\"twitter:creator\" content=\"@WirMachenAuf_de\" \/>\n<meta name=\"twitter:site\" content=\"@WirMachenAuf_de\" \/>\n<meta name=\"twitter:label1\" content=\"Verfasst von\" \/>\n\t<meta name=\"twitter:data1\" content=\"rtnews\" \/>\n\t<meta name=\"twitter:label2\" content=\"Gesch\u00e4tzte Lesezeit\" \/>\n\t<meta name=\"twitter:data2\" content=\"6\u00a0Minuten\" \/>\n<script type=\"application\/ld+json\" class=\"yoast-schema-graph\">{\"@context\":\"https:\/\/schema.org\",\"@graph\":[{\"@type\":\"Article\",\"@id\":\"https:\/\/now-news.de\/de\/deutschland\/weimers-buecherverbrennung-zensur-als-machtinstrument\/#article\",\"isPartOf\":{\"@id\":\"https:\/\/now-news.de\/de\/deutschland\/weimers-buecherverbrennung-zensur-als-machtinstrument\/\"},\"author\":{\"name\":\"rtnews\",\"@id\":\"https:\/\/now-news.de\/de\/#\/schema\/person\/fb534a4e865501d8b3285208df34a9b5\"},\"headline\":\"Weimers &quot;B\u00fccherverbrennung&quot;: Zensur als Machtinstrument\",\"datePublished\":\"2026-03-17T05:30:00+00:00\",\"dateModified\":\"2026-03-17T05:30:00+00:00\",\"mainEntityOfPage\":{\"@id\":\"https:\/\/now-news.de\/de\/deutschland\/weimers-buecherverbrennung-zensur-als-machtinstrument\/\"},\"wordCount\":1259,\"commentCount\":0,\"publisher\":{\"@id\":\"https:\/\/now-news.de\/de\/#organization\"},\"image\":{\"@id\":\"https:\/\/now-news.de\/de\/deutschland\/weimers-buecherverbrennung-zensur-als-machtinstrument\/#primaryimage\"},\"thumbnailUrl\":\"https:\/\/now-news.de\/de\/wp-content\/uploads\/sites\/3\/2026\/03\/Weimers-quotBuecherverbrennungquot-Zensur-als-Machtinstrument.jpg\",\"keywords\":[\"als\",\"Machtinstrument\",\"quotB\u00fccherverbrennungquot\",\"Weimers\",\"Zensur\"],\"articleSection\":[\"Deutschland\",\"Russland\"],\"inLanguage\":\"de\",\"potentialAction\":[{\"@type\":\"CommentAction\",\"name\":\"Comment\",\"target\":[\"https:\/\/now-news.de\/de\/deutschland\/weimers-buecherverbrennung-zensur-als-machtinstrument\/#respond\"]}]},{\"@type\":\"WebPage\",\"@id\":\"https:\/\/now-news.de\/de\/deutschland\/weimers-buecherverbrennung-zensur-als-machtinstrument\/\",\"url\":\"https:\/\/now-news.de\/de\/deutschland\/weimers-buecherverbrennung-zensur-als-machtinstrument\/\",\"name\":\"Weimers &quot;B\u00fccherverbrennung&quot;: Zensur als Machtinstrument - just-now.NEWS Deutschland\",\"isPartOf\":{\"@id\":\"https:\/\/now-news.de\/de\/#website\"},\"primaryImageOfPage\":{\"@id\":\"https:\/\/now-news.de\/de\/deutschland\/weimers-buecherverbrennung-zensur-als-machtinstrument\/#primaryimage\"},\"image\":{\"@id\":\"https:\/\/now-news.de\/de\/deutschland\/weimers-buecherverbrennung-zensur-als-machtinstrument\/#primaryimage\"},\"thumbnailUrl\":\"https:\/\/now-news.de\/de\/wp-content\/uploads\/sites\/3\/2026\/03\/Weimers-quotBuecherverbrennungquot-Zensur-als-Machtinstrument.jpg\",\"datePublished\":\"2026-03-17T05:30:00+00:00\",\"dateModified\":\"2026-03-17T05:30:00+00:00\",\"breadcrumb\":{\"@id\":\"https:\/\/now-news.de\/de\/deutschland\/weimers-buecherverbrennung-zensur-als-machtinstrument\/#breadcrumb\"},\"inLanguage\":\"de\",\"potentialAction\":[{\"@type\":\"ReadAction\",\"target\":[\"https:\/\/now-news.de\/de\/deutschland\/weimers-buecherverbrennung-zensur-als-machtinstrument\/\"]}]},{\"@type\":\"ImageObject\",\"inLanguage\":\"de\",\"@id\":\"https:\/\/now-news.de\/de\/deutschland\/weimers-buecherverbrennung-zensur-als-machtinstrument\/#primaryimage\",\"url\":\"https:\/\/now-news.de\/de\/wp-content\/uploads\/sites\/3\/2026\/03\/Weimers-quotBuecherverbrennungquot-Zensur-als-Machtinstrument.jpg\",\"contentUrl\":\"https:\/\/now-news.de\/de\/wp-content\/uploads\/sites\/3\/2026\/03\/Weimers-quotBuecherverbrennungquot-Zensur-als-Machtinstrument.jpg\",\"width\":460,\"height\":259,\"caption\":\"Weimers &quot;B\u00fccherverbrennung&quot;: Zensur als Machtinstrument\"},{\"@type\":\"BreadcrumbList\",\"@id\":\"https:\/\/now-news.de\/de\/deutschland\/weimers-buecherverbrennung-zensur-als-machtinstrument\/#breadcrumb\",\"itemListElement\":[{\"@type\":\"ListItem\",\"position\":1,\"name\":\"Home\",\"item\":\"https:\/\/now-news.de\/de\/\"},{\"@type\":\"ListItem\",\"position\":2,\"name\":\"Weimers &quot;B\u00fccherverbrennung&quot;: Zensur als Machtinstrument\"}]},{\"@type\":\"WebSite\",\"@id\":\"https:\/\/now-news.de\/de\/#website\",\"url\":\"https:\/\/now-news.de\/de\/\",\"name\":\"just-now.NEWS Deutschland\",\"description\":\"Das Portal f\u00fcr unzensierte Nachrichten aus der Welt\",\"publisher\":{\"@id\":\"https:\/\/now-news.de\/de\/#organization\"},\"potentialAction\":[{\"@type\":\"SearchAction\",\"target\":{\"@type\":\"EntryPoint\",\"urlTemplate\":\"https:\/\/now-news.de\/de\/?s={search_term_string}\"},\"query-input\":\"required name=search_term_string\"}],\"inLanguage\":\"de\"},{\"@type\":\"Organization\",\"@id\":\"https:\/\/now-news.de\/de\/#organization\",\"name\":\"Just Now News\",\"url\":\"https:\/\/now-news.de\/de\/\",\"logo\":{\"@type\":\"ImageObject\",\"inLanguage\":\"de\",\"@id\":\"https:\/\/now-news.de\/de\/#\/schema\/logo\/image\/\",\"url\":\"http:\/\/just-now.news\/de\/wp-content\/uploads\/sites\/3\/2022\/04\/logo500x500.jpg\",\"contentUrl\":\"http:\/\/just-now.news\/de\/wp-content\/uploads\/sites\/3\/2022\/04\/logo500x500.jpg\",\"width\":500,\"height\":500,\"caption\":\"Just Now News\"},\"image\":{\"@id\":\"https:\/\/now-news.de\/de\/#\/schema\/logo\/image\/\"},\"sameAs\":[\"https:\/\/www.facebook.com\/wirmachenauf\",\"https:\/\/x.com\/WirMachenAuf_de\"]},{\"@type\":\"Person\",\"@id\":\"https:\/\/now-news.de\/de\/#\/schema\/person\/fb534a4e865501d8b3285208df34a9b5\",\"name\":\"rtnews\",\"image\":{\"@type\":\"ImageObject\",\"inLanguage\":\"de\",\"@id\":\"https:\/\/now-news.de\/de\/#\/schema\/person\/image\/\",\"url\":\"https:\/\/secure.gravatar.com\/avatar\/82aafea7d8127119dd649515f56e2117?s=96&d=mm&r=g\",\"contentUrl\":\"https:\/\/secure.gravatar.com\/avatar\/82aafea7d8127119dd649515f56e2117?s=96&d=mm&r=g\",\"caption\":\"rtnews\"},\"url\":\"https:\/\/now-news.de\/de\/author\/rnews\/\"}]}<\/script>\n<!-- \/ Yoast SEO Premium plugin. -->","yoast_head_json":{"title":"Weimers &quot;B\u00fccherverbrennung&quot;: Zensur als Machtinstrument - just-now.NEWS Deutschland","robots":{"index":"index","follow":"follow","max-snippet":"max-snippet:-1","max-image-preview":"max-image-preview:large","max-video-preview":"max-video-preview:-1"},"canonical":"https:\/\/now-news.de\/de\/deutschland\/weimers-buecherverbrennung-zensur-als-machtinstrument\/","og_locale":"de_DE","og_type":"article","og_title":"Weimers &quot;B\u00fccherverbrennung&quot;: Zensur als Machtinstrument","og_description":"Ob Intendanten, Filmemacher oder Buchh\u00e4ndler: Staatsminister und Lobbyprofiteur Wolfram Weimer l\u00e4sst sie immer dreister bespitzeln und zensieren. Neu daran ist aber nur das Ausma\u00df, und das ist weniger ein Personalproblem als ein Symptom sich zuspitzender System-Widerspr\u00fcche. Von Alexandra Nollok Er schikaniert Filmemacher, Vereine und Buchh\u00e4ndler, setzt Veranstalter unter Existenzdruck, betreibt politische Zensur in einer Offenheit, [&hellip;]","og_url":"https:\/\/now-news.de\/de\/deutschland\/weimers-buecherverbrennung-zensur-als-machtinstrument\/","og_site_name":"just-now.NEWS Deutschland","article_publisher":"https:\/\/www.facebook.com\/wirmachenauf","article_published_time":"2026-03-17T05:30:00+00:00","og_image":[{"url":"https:\/\/now-news.de\/de\/wp-content\/uploads\/sites\/3\/2026\/03\/69b80cc848fbef22d23b2d73.jpg"}],"author":"rtnews","twitter_card":"summary_large_image","twitter_creator":"@WirMachenAuf_de","twitter_site":"@WirMachenAuf_de","twitter_misc":{"Verfasst von":"rtnews","Gesch\u00e4tzte Lesezeit":"6\u00a0Minuten"},"schema":{"@context":"https:\/\/schema.org","@graph":[{"@type":"Article","@id":"https:\/\/now-news.de\/de\/deutschland\/weimers-buecherverbrennung-zensur-als-machtinstrument\/#article","isPartOf":{"@id":"https:\/\/now-news.de\/de\/deutschland\/weimers-buecherverbrennung-zensur-als-machtinstrument\/"},"author":{"name":"rtnews","@id":"https:\/\/now-news.de\/de\/#\/schema\/person\/fb534a4e865501d8b3285208df34a9b5"},"headline":"Weimers &quot;B\u00fccherverbrennung&quot;: Zensur als Machtinstrument","datePublished":"2026-03-17T05:30:00+00:00","dateModified":"2026-03-17T05:30:00+00:00","mainEntityOfPage":{"@id":"https:\/\/now-news.de\/de\/deutschland\/weimers-buecherverbrennung-zensur-als-machtinstrument\/"},"wordCount":1259,"commentCount":0,"publisher":{"@id":"https:\/\/now-news.de\/de\/#organization"},"image":{"@id":"https:\/\/now-news.de\/de\/deutschland\/weimers-buecherverbrennung-zensur-als-machtinstrument\/#primaryimage"},"thumbnailUrl":"https:\/\/now-news.de\/de\/wp-content\/uploads\/sites\/3\/2026\/03\/Weimers-quotBuecherverbrennungquot-Zensur-als-Machtinstrument.jpg","keywords":["als","Machtinstrument","quotB\u00fccherverbrennungquot","Weimers","Zensur"],"articleSection":["Deutschland","Russland"],"inLanguage":"de","potentialAction":[{"@type":"CommentAction","name":"Comment","target":["https:\/\/now-news.de\/de\/deutschland\/weimers-buecherverbrennung-zensur-als-machtinstrument\/#respond"]}]},{"@type":"WebPage","@id":"https:\/\/now-news.de\/de\/deutschland\/weimers-buecherverbrennung-zensur-als-machtinstrument\/","url":"https:\/\/now-news.de\/de\/deutschland\/weimers-buecherverbrennung-zensur-als-machtinstrument\/","name":"Weimers &quot;B\u00fccherverbrennung&quot;: Zensur als Machtinstrument - just-now.NEWS Deutschland","isPartOf":{"@id":"https:\/\/now-news.de\/de\/#website"},"primaryImageOfPage":{"@id":"https:\/\/now-news.de\/de\/deutschland\/weimers-buecherverbrennung-zensur-als-machtinstrument\/#primaryimage"},"image":{"@id":"https:\/\/now-news.de\/de\/deutschland\/weimers-buecherverbrennung-zensur-als-machtinstrument\/#primaryimage"},"thumbnailUrl":"https:\/\/now-news.de\/de\/wp-content\/uploads\/sites\/3\/2026\/03\/Weimers-quotBuecherverbrennungquot-Zensur-als-Machtinstrument.jpg","datePublished":"2026-03-17T05:30:00+00:00","dateModified":"2026-03-17T05:30:00+00:00","breadcrumb":{"@id":"https:\/\/now-news.de\/de\/deutschland\/weimers-buecherverbrennung-zensur-als-machtinstrument\/#breadcrumb"},"inLanguage":"de","potentialAction":[{"@type":"ReadAction","target":["https:\/\/now-news.de\/de\/deutschland\/weimers-buecherverbrennung-zensur-als-machtinstrument\/"]}]},{"@type":"ImageObject","inLanguage":"de","@id":"https:\/\/now-news.de\/de\/deutschland\/weimers-buecherverbrennung-zensur-als-machtinstrument\/#primaryimage","url":"https:\/\/now-news.de\/de\/wp-content\/uploads\/sites\/3\/2026\/03\/Weimers-quotBuecherverbrennungquot-Zensur-als-Machtinstrument.jpg","contentUrl":"https:\/\/now-news.de\/de\/wp-content\/uploads\/sites\/3\/2026\/03\/Weimers-quotBuecherverbrennungquot-Zensur-als-Machtinstrument.jpg","width":460,"height":259,"caption":"Weimers &quot;B\u00fccherverbrennung&quot;: Zensur als Machtinstrument"},{"@type":"BreadcrumbList","@id":"https:\/\/now-news.de\/de\/deutschland\/weimers-buecherverbrennung-zensur-als-machtinstrument\/#breadcrumb","itemListElement":[{"@type":"ListItem","position":1,"name":"Home","item":"https:\/\/now-news.de\/de\/"},{"@type":"ListItem","position":2,"name":"Weimers &quot;B\u00fccherverbrennung&quot;: Zensur als Machtinstrument"}]},{"@type":"WebSite","@id":"https:\/\/now-news.de\/de\/#website","url":"https:\/\/now-news.de\/de\/","name":"just-now.NEWS Deutschland","description":"Das Portal f\u00fcr unzensierte Nachrichten aus der Welt","publisher":{"@id":"https:\/\/now-news.de\/de\/#organization"},"potentialAction":[{"@type":"SearchAction","target":{"@type":"EntryPoint","urlTemplate":"https:\/\/now-news.de\/de\/?s={search_term_string}"},"query-input":"required name=search_term_string"}],"inLanguage":"de"},{"@type":"Organization","@id":"https:\/\/now-news.de\/de\/#organization","name":"Just Now News","url":"https:\/\/now-news.de\/de\/","logo":{"@type":"ImageObject","inLanguage":"de","@id":"https:\/\/now-news.de\/de\/#\/schema\/logo\/image\/","url":"http:\/\/just-now.news\/de\/wp-content\/uploads\/sites\/3\/2022\/04\/logo500x500.jpg","contentUrl":"http:\/\/just-now.news\/de\/wp-content\/uploads\/sites\/3\/2022\/04\/logo500x500.jpg","width":500,"height":500,"caption":"Just Now News"},"image":{"@id":"https:\/\/now-news.de\/de\/#\/schema\/logo\/image\/"},"sameAs":["https:\/\/www.facebook.com\/wirmachenauf","https:\/\/x.com\/WirMachenAuf_de"]},{"@type":"Person","@id":"https:\/\/now-news.de\/de\/#\/schema\/person\/fb534a4e865501d8b3285208df34a9b5","name":"rtnews","image":{"@type":"ImageObject","inLanguage":"de","@id":"https:\/\/now-news.de\/de\/#\/schema\/person\/image\/","url":"https:\/\/secure.gravatar.com\/avatar\/82aafea7d8127119dd649515f56e2117?s=96&d=mm&r=g","contentUrl":"https:\/\/secure.gravatar.com\/avatar\/82aafea7d8127119dd649515f56e2117?s=96&d=mm&r=g","caption":"rtnews"},"url":"https:\/\/now-news.de\/de\/author\/rnews\/"}]}},"_links":{"self":[{"href":"https:\/\/now-news.de\/de\/wp-json\/wp\/v2\/posts\/100367"}],"collection":[{"href":"https:\/\/now-news.de\/de\/wp-json\/wp\/v2\/posts"}],"about":[{"href":"https:\/\/now-news.de\/de\/wp-json\/wp\/v2\/types\/post"}],"author":[{"embeddable":true,"href":"https:\/\/now-news.de\/de\/wp-json\/wp\/v2\/users\/3"}],"replies":[{"embeddable":true,"href":"https:\/\/now-news.de\/de\/wp-json\/wp\/v2\/comments?post=100367"}],"version-history":[{"count":0,"href":"https:\/\/now-news.de\/de\/wp-json\/wp\/v2\/posts\/100367\/revisions"}],"wp:featuredmedia":[{"embeddable":true,"href":"https:\/\/now-news.de\/de\/wp-json\/wp\/v2\/media\/100368"}],"wp:attachment":[{"href":"https:\/\/now-news.de\/de\/wp-json\/wp\/v2\/media?parent=100367"}],"wp:term":[{"taxonomy":"category","embeddable":true,"href":"https:\/\/now-news.de\/de\/wp-json\/wp\/v2\/categories?post=100367"},{"taxonomy":"post_tag","embeddable":true,"href":"https:\/\/now-news.de\/de\/wp-json\/wp\/v2\/tags?post=100367"}],"curies":[{"name":"wp","href":"https:\/\/api.w.org\/{rel}","templated":true}]}}