{"id":10022,"date":"2022-06-06T23:34:36","date_gmt":"2022-06-06T21:34:36","guid":{"rendered":"http:\/\/just-now.news\/de\/china\/das-fehlen-einer-erkennbaren-aussenpolitik-der-biden-administration-ermutigt-amerikas-gegner-cal-thomas\/"},"modified":"2022-06-06T23:34:36","modified_gmt":"2022-06-06T21:34:36","slug":"das-fehlen-einer-erkennbaren-aussenpolitik-der-biden-administration-ermutigt-amerikas-gegner-cal-thomas","status":"publish","type":"post","link":"https:\/\/now-news.de\/de\/china\/das-fehlen-einer-erkennbaren-aussenpolitik-der-biden-administration-ermutigt-amerikas-gegner-cal-thomas\/","title":{"rendered":"Das Fehlen einer \u201eerkennbaren Au\u00dfenpolitik\u201c der Biden-Administration ermutigt Amerikas Gegner: Cal Thomas"},"content":{"rendered":"<div>\n<p>Das Fehlen einer klaren und konsequenten Au\u00dfenpolitik mit klar definierten und erreichbaren Zielen hat laut Kolumnist und Kommentator Cal Thomas Amerikas Position gegen\u00fcber geostrategischen Rivalen und Staaten mit einer destabilisierenden Rolle in der Welt geschw\u00e4cht.<\/p>\n<p>\u201eIch bin mir einfach nicht sicher, ob die Biden-Administration eine erkennbare Au\u00dfenpolitik hat, sei es im Moment in Bezug auf China, Kuba oder sogar die Ukraine.  Wir sind mit der Versendung von Waffen an die Ukraine im R\u00fcckstand, um sich gegen die russische Invasion zu verteidigen.  Und ich denke, dies sendet ein sehr ernstes Signal an die Welt\u201c, sagte Thomas gegen\u00fcber dem \u201eChina Insider\u201c-Programm von EpochTV auf dem Western Conservative Summit am 4. Juni in Denver.<\/p>\n<p>Thomas nannte den US-R\u00fcckzug aus Afghanistan, der im August 2021 abgeschlossen wurde, und die mangelnde Bereitschaft der Biden-Regierung, der Ukraine uneingeschr\u00e4nkte und unersch\u00fctterliche milit\u00e4rische Unterst\u00fctzung zu leisten, als Zeichen f\u00fcr ein weitreichendes au\u00dfenpolitisches Versagen und mangelnde Vision seitens der Biden-Regierung.  Er argumentierte, dass Biden und sein Team der Illusion unterliegen, dass es m\u00f6glich sei, Vereinbarungen mit \u201eTyrannen\u201c zu treffen, die die Regime in China und im Iran f\u00fchren, und dass die Unf\u00e4higkeit, im Umgang mit solchen antidemokratischen Regimen St\u00e4rke zu projizieren, die Glaubw\u00fcrdigkeit Amerikas ernsthaft untergr\u00e4bt und Effektivit\u00e4t und konterkariert ihre au\u00dfenpolitischen Ziele.<\/p>\n<p>\u201eWenn Sie Ihre St\u00e4rke nicht bewahren \u2013 wie Ronald Reagan sagte, Frieden durch St\u00e4rke \u2013 dann werden Sie einen Krieg durch Schw\u00e4che haben.  Und ich verstehe einfach nicht, was die Au\u00dfenpolitik dieser Regierung ist.  Ich bin mir nicht sicher, ob wir seit dem Fall der Berliner Mauer und dem Untergang der Sowjetunion wirklich eine Au\u00dfenpolitik betrieben haben.  Ich denke, es ist an der Zeit, dass wir f\u00fcr die 21 wieder eine entwickeln<sup>st<\/sup> Jahrhundert\u201c, sagte Thomas.<\/p>\n<figure id=\"attachment_3737702\" style=\"width: 259px\" class=\"wp-caption alignnone\"><\/figure>\n<p>Nach Ansicht von Thomas ist der Mangel an Entschlossenheit auf der Weltb\u00fchne teilweise eine Funktion der Tendenz, sich von moralischen Urteilen zu entfernen und Dinge als \u201eb\u00f6se\u201c zu bezeichnen, zugunsten einer neutraleren Charakterisierung feindlicher Staaten und F\u00fchrer.<\/p>\n<p>\u201eIch denke, dass wir den Begriff des B\u00f6sen abgeschafft haben.  Jetzt wenden wir es auf diese Massenerschie\u00dfungen an, die wir k\u00fcrzlich in den Vereinigten Staaten gesehen haben.  Aber es ist im Grunde ein theologisches Konzept\u201c, sagte Thomas.<\/p>\n<p>Thomas beschrieb Atheismus als ein Glaubensbekenntnis, das den Menschen sagt, dass sich ihr Leben verbessern wird, wenn sie sich dem Diktat ihrer Regierung beugen, egal ob die fragliche Regierung die von Peking, Moskau, Teheran, Venezuela oder Havanna ist.  Wenn sich die Untertanen der autorit\u00e4ren Regime nicht unterwerfen, werden die Regime sie ins Gef\u00e4ngnis stecken und ihnen ihre Meinungs- und Religionsfreiheit nehmen.<\/p>\n<p>\u201eWir haben nat\u00fcrlich in China gesehen, was mit Falun Gong passiert ist, und wir haben gesehen, was die Chinesen den uigurischen Muslimen und in Tibet angetan haben.  Das ist kein Geheimnis, und das B\u00f6se schreitet voran, wenn Sie sich nicht dagegen wehren\u201c, fuhr Thomas fort.<\/p>\n<p>Umgekehrt, argumentierte Thomas, ziehen sich undemokratische und repressive Systeme und Regime zur\u00fcck, wenn sie auf entschiedenen Widerstand sto\u00dfen, wie die Geschichte der US-Au\u00dfenpolitik wiederholt gezeigt hat.  Aber die Biden-Administration gehe davon aus, dass das einzige \u00dcbel auf der Welt heute die Form religi\u00f6ser Eiferer habe, die anderen ihre Moral aufzwingen wollten, sagte er.<\/p>\n<p>Thomas pl\u00e4dierte f\u00fcr eine energische Reaktion auf ausl\u00e4ndische Aggressoren und schloss den Einsatz von Diplomatie nicht aus, sondern wies darauf hin, dass Diplomatie ohne Unterst\u00fctzung durch milit\u00e4rische Macht von begrenztem Nutzen sei.  Thomas verwendete die Analogie eines Pokerspiels, bei dem Reden n\u00fctzlich sein kann, aber eine bessere Hand als Ihr Gegner z\u00e4hlt.<\/p>\n<p>\u201eIch denke, dass einer der Fehler, den die Vereinigten Staaten gemacht haben, besonders mit Teheran, aber auch jetzt mit China und mit Russland, besonders seit der Invasion der Ukraine, darin besteht, das Konzept des B\u00f6sen zu ignorieren, und man kann nicht mit Menschen verhandeln die dich tot sehen wollen\u201c, sagte er.<\/p>\n<p>\u201eNehmen Sie zum Beispiel den Iran.  Die Mullahs, die dieses Land regieren, denken, dass sie von ihrem Gott den Auftrag haben, jeden zu t\u00f6ten, der nicht mit Ihm \u00fcbereinstimmt: Juden, Christen, Ungl\u00e4ubige, was auch immer.  Wie verhandelt man nun damit?  Und wie verhandelt man mit Leuten wie Xi Jinping oder Wladimir Putin, wenn sie der Welt ihre b\u00f6sen Absichten gezeigt haben?\u201c  Thomas fuhr fort.<\/p>\n<p>In Bezug auf China kritisierte Thomas die anhaltenden wirtschaftlichen Verbindungen Amerikas mit dem Regime, weil sie eine wirksame Reaktion auf die unz\u00e4hligen dort stattfindenden Menschenrechtsverletzungen behindern.<\/p>\n<p>Das Nationale Komitee f\u00fcr die Beziehungen zwischen den USA und China hat berichtet, dass die Investitionen amerikanischer Unternehmen in China im Jahr 2020 insgesamt 8,7 Milliarden US-Dollar erreichten, 33 Prozent weniger als 2019.<\/p>\n<p>Trotzdem kaufen die Amerikaner weiterhin viele Dinge, die in China hergestellt werden, und die US-Sportindustrie investiert dort, sagte Thomas.  Ein Gro\u00dfteil des Kapitals der US-Industrie gehe zur Unterst\u00fctzung des Milit\u00e4rs des chinesischen Regimes, der Volksbefreiungsarmee, sagte er.  Thomas pl\u00e4dierte f\u00fcr die Verlagerung von Industrien, die umfangreiche Gesch\u00e4fte in China t\u00e4tigen, und f\u00fcr die Wiederherstellung des fr\u00fcheren Primats des \u201eMade in America\u201c-Konzepts.<\/p>\n<p>Die Epoch Times hat das Wei\u00dfe Haus und das Au\u00dfenministerium um einen Kommentar gebeten.<\/p>\n<\/div>\n<p><br \/>\n<b> Text ist eine \u00dcbersetzung vom Epoch Times Artikel:<\/p>\n<p><a href=\"https:\/\/www.theepochtimes.com\/biden-administrations-lack-of-a-discernible-foreign-policy-emboldens-americas-adversaries-cal-thomas_4514986.html\">Source link <\/a><\/p>\n","protected":false},"excerpt":{"rendered":"<p>Das Fehlen einer klaren und konsequenten Au\u00dfenpolitik mit klar definierten und erreichbaren Zielen hat laut Kolumnist und Kommentator Cal Thomas Amerikas Position gegen\u00fcber geostrategischen Rivalen und Staaten mit einer destabilisierenden Rolle in der Welt geschw\u00e4cht. \u201eIch bin mir einfach nicht sicher, ob die Biden-Administration eine erkennbare Au\u00dfenpolitik hat, sei es im Moment in Bezug auf [&hellip;]<\/p>\n","protected":false},"author":6,"featured_media":10023,"comment_status":"open","ping_status":"open","sticky":false,"template":"","format":"standard","meta":{"wp_automatic_camp":["1164"],"85517b986eeec36177906ab747261dd0":["Das Fehlen einer \u201eerkennbaren Au\u00dfenpolitik\u201c der Biden-Administration ermutigt Amerikas Gegner: Cal Thomas\n"],"original_link":["https:\/\/www.theepochtimes.com\/biden-administrations-lack-of-a-discernible-foreign-policy-emboldens-americas-adversaries-cal-thomas_4514986.html"],"_thumbnail_id":["10023"],"wp_automatic_remove_first_image":["yes"],"jnews_social_counter_last_update":["1777343207"]},"categories":[21],"tags":[20080,11441,18994,23381,427,82,212,23379,21537,18639,23380,1171],"yoast_head":"<!-- This site is optimized with the Yoast SEO Premium plugin v22.7 (Yoast SEO v22.7) - https:\/\/yoast.com\/wordpress\/plugins\/seo\/ -->\n<title>Das Fehlen einer \u201eerkennbaren Au\u00dfenpolitik\u201c der Biden-Administration ermutigt Amerikas Gegner: Cal Thomas - just-now.NEWS Deutschland<\/title>\n<meta name=\"robots\" content=\"index, follow, max-snippet:-1, max-image-preview:large, max-video-preview:-1\" \/>\n<link rel=\"canonical\" href=\"https:\/\/now-news.de\/de\/china\/das-fehlen-einer-erkennbaren-aussenpolitik-der-biden-administration-ermutigt-amerikas-gegner-cal-thomas\/\" \/>\n<meta property=\"og:locale\" content=\"de_DE\" \/>\n<meta property=\"og:type\" content=\"article\" \/>\n<meta property=\"og:title\" content=\"Das Fehlen einer \u201eerkennbaren Au\u00dfenpolitik\u201c der Biden-Administration ermutigt Amerikas Gegner: Cal Thomas\" \/>\n<meta property=\"og:description\" content=\"Das Fehlen einer klaren und konsequenten Au\u00dfenpolitik mit klar definierten und erreichbaren Zielen hat laut Kolumnist und Kommentator Cal Thomas Amerikas Position gegen\u00fcber geostrategischen Rivalen und Staaten mit einer destabilisierenden Rolle in der Welt geschw\u00e4cht. \u201eIch bin mir einfach nicht sicher, ob die Biden-Administration eine erkennbare Au\u00dfenpolitik hat, sei es im Moment in Bezug auf [&hellip;]\" \/>\n<meta property=\"og:url\" content=\"https:\/\/now-news.de\/de\/china\/das-fehlen-einer-erkennbaren-aussenpolitik-der-biden-administration-ermutigt-amerikas-gegner-cal-thomas\/\" \/>\n<meta property=\"og:site_name\" content=\"just-now.NEWS Deutschland\" \/>\n<meta property=\"article:publisher\" content=\"https:\/\/www.facebook.com\/wirmachenauf\" \/>\n<meta property=\"article:published_time\" content=\"2022-06-06T21:34:36+00:00\" \/>\n<meta property=\"og:image\" content=\"https:\/\/now-news.de\/de\/wp-content\/uploads\/sites\/3\/2022\/06\/1654558772_Das-Fehlen-einer-\u201eerkennbaren-Aussenpolitik-der-Biden-Administration-ermutigt-Amerikas-Gegner.jpg\" \/>\n\t<meta property=\"og:image:width\" content=\"1200\" \/>\n\t<meta property=\"og:image:height\" content=\"800\" \/>\n\t<meta property=\"og:image:type\" content=\"image\/jpeg\" \/>\n<meta name=\"author\" content=\"epoch\" \/>\n<meta name=\"twitter:card\" content=\"summary_large_image\" \/>\n<meta name=\"twitter:creator\" content=\"@WirMachenAuf_de\" \/>\n<meta name=\"twitter:site\" content=\"@WirMachenAuf_de\" \/>\n<meta name=\"twitter:label1\" content=\"Verfasst von\" \/>\n\t<meta name=\"twitter:data1\" content=\"epoch\" \/>\n\t<meta name=\"twitter:label2\" content=\"Gesch\u00e4tzte Lesezeit\" \/>\n\t<meta name=\"twitter:data2\" content=\"4\u00a0Minuten\" \/>\n<script type=\"application\/ld+json\" class=\"yoast-schema-graph\">{\"@context\":\"https:\/\/schema.org\",\"@graph\":[{\"@type\":\"Article\",\"@id\":\"https:\/\/now-news.de\/de\/china\/das-fehlen-einer-erkennbaren-aussenpolitik-der-biden-administration-ermutigt-amerikas-gegner-cal-thomas\/#article\",\"isPartOf\":{\"@id\":\"https:\/\/now-news.de\/de\/china\/das-fehlen-einer-erkennbaren-aussenpolitik-der-biden-administration-ermutigt-amerikas-gegner-cal-thomas\/\"},\"author\":{\"name\":\"epoch\",\"@id\":\"https:\/\/now-news.de\/de\/#\/schema\/person\/c6dfcd35a72a074487761b9d49aef52f\"},\"headline\":\"Das Fehlen einer \u201eerkennbaren Au\u00dfenpolitik\u201c der Biden-Administration ermutigt Amerikas Gegner: Cal Thomas\",\"datePublished\":\"2022-06-06T21:34:36+00:00\",\"dateModified\":\"2022-06-06T21:34:36+00:00\",\"mainEntityOfPage\":{\"@id\":\"https:\/\/now-news.de\/de\/china\/das-fehlen-einer-erkennbaren-aussenpolitik-der-biden-administration-ermutigt-amerikas-gegner-cal-thomas\/\"},\"wordCount\":895,\"commentCount\":0,\"publisher\":{\"@id\":\"https:\/\/now-news.de\/de\/#organization\"},\"image\":{\"@id\":\"https:\/\/now-news.de\/de\/china\/das-fehlen-einer-erkennbaren-aussenpolitik-der-biden-administration-ermutigt-amerikas-gegner-cal-thomas\/#primaryimage\"},\"thumbnailUrl\":\"https:\/\/now-news.de\/de\/wp-content\/uploads\/sites\/3\/2022\/06\/1654558772_Das-Fehlen-einer-\u201eerkennbaren-Aussenpolitik-der-Biden-Administration-ermutigt-Amerikas-Gegner.jpg\",\"keywords\":[\"Amerikas\",\"au\u00dfenpolitik\",\"BidenAdministration\",\"Cal\",\"das\",\"der\",\"einer\",\"erkennbaren\",\"ermutigt\",\"fehlen\",\"Gegner\",\"Thomas\"],\"articleSection\":[\"China\"],\"inLanguage\":\"de\",\"potentialAction\":[{\"@type\":\"CommentAction\",\"name\":\"Comment\",\"target\":[\"https:\/\/now-news.de\/de\/china\/das-fehlen-einer-erkennbaren-aussenpolitik-der-biden-administration-ermutigt-amerikas-gegner-cal-thomas\/#respond\"]}]},{\"@type\":\"WebPage\",\"@id\":\"https:\/\/now-news.de\/de\/china\/das-fehlen-einer-erkennbaren-aussenpolitik-der-biden-administration-ermutigt-amerikas-gegner-cal-thomas\/\",\"url\":\"https:\/\/now-news.de\/de\/china\/das-fehlen-einer-erkennbaren-aussenpolitik-der-biden-administration-ermutigt-amerikas-gegner-cal-thomas\/\",\"name\":\"Das Fehlen einer \u201eerkennbaren Au\u00dfenpolitik\u201c der Biden-Administration ermutigt Amerikas Gegner: Cal Thomas - just-now.NEWS Deutschland\",\"isPartOf\":{\"@id\":\"https:\/\/now-news.de\/de\/#website\"},\"primaryImageOfPage\":{\"@id\":\"https:\/\/now-news.de\/de\/china\/das-fehlen-einer-erkennbaren-aussenpolitik-der-biden-administration-ermutigt-amerikas-gegner-cal-thomas\/#primaryimage\"},\"image\":{\"@id\":\"https:\/\/now-news.de\/de\/china\/das-fehlen-einer-erkennbaren-aussenpolitik-der-biden-administration-ermutigt-amerikas-gegner-cal-thomas\/#primaryimage\"},\"thumbnailUrl\":\"https:\/\/now-news.de\/de\/wp-content\/uploads\/sites\/3\/2022\/06\/1654558772_Das-Fehlen-einer-\u201eerkennbaren-Aussenpolitik-der-Biden-Administration-ermutigt-Amerikas-Gegner.jpg\",\"datePublished\":\"2022-06-06T21:34:36+00:00\",\"dateModified\":\"2022-06-06T21:34:36+00:00\",\"breadcrumb\":{\"@id\":\"https:\/\/now-news.de\/de\/china\/das-fehlen-einer-erkennbaren-aussenpolitik-der-biden-administration-ermutigt-amerikas-gegner-cal-thomas\/#breadcrumb\"},\"inLanguage\":\"de\",\"potentialAction\":[{\"@type\":\"ReadAction\",\"target\":[\"https:\/\/now-news.de\/de\/china\/das-fehlen-einer-erkennbaren-aussenpolitik-der-biden-administration-ermutigt-amerikas-gegner-cal-thomas\/\"]}]},{\"@type\":\"ImageObject\",\"inLanguage\":\"de\",\"@id\":\"https:\/\/now-news.de\/de\/china\/das-fehlen-einer-erkennbaren-aussenpolitik-der-biden-administration-ermutigt-amerikas-gegner-cal-thomas\/#primaryimage\",\"url\":\"https:\/\/now-news.de\/de\/wp-content\/uploads\/sites\/3\/2022\/06\/1654558772_Das-Fehlen-einer-\u201eerkennbaren-Aussenpolitik-der-Biden-Administration-ermutigt-Amerikas-Gegner.jpg\",\"contentUrl\":\"https:\/\/now-news.de\/de\/wp-content\/uploads\/sites\/3\/2022\/06\/1654558772_Das-Fehlen-einer-\u201eerkennbaren-Aussenpolitik-der-Biden-Administration-ermutigt-Amerikas-Gegner.jpg\",\"width\":1200,\"height\":800},{\"@type\":\"BreadcrumbList\",\"@id\":\"https:\/\/now-news.de\/de\/china\/das-fehlen-einer-erkennbaren-aussenpolitik-der-biden-administration-ermutigt-amerikas-gegner-cal-thomas\/#breadcrumb\",\"itemListElement\":[{\"@type\":\"ListItem\",\"position\":1,\"name\":\"Home\",\"item\":\"https:\/\/now-news.de\/de\/\"},{\"@type\":\"ListItem\",\"position\":2,\"name\":\"Das Fehlen einer \u201eerkennbaren Au\u00dfenpolitik\u201c der Biden-Administration ermutigt Amerikas Gegner: Cal Thomas\"}]},{\"@type\":\"WebSite\",\"@id\":\"https:\/\/now-news.de\/de\/#website\",\"url\":\"https:\/\/now-news.de\/de\/\",\"name\":\"just-now.NEWS Deutschland\",\"description\":\"Das Portal f\u00fcr unzensierte Nachrichten aus der Welt\",\"publisher\":{\"@id\":\"https:\/\/now-news.de\/de\/#organization\"},\"potentialAction\":[{\"@type\":\"SearchAction\",\"target\":{\"@type\":\"EntryPoint\",\"urlTemplate\":\"https:\/\/now-news.de\/de\/?s={search_term_string}\"},\"query-input\":\"required name=search_term_string\"}],\"inLanguage\":\"de\"},{\"@type\":\"Organization\",\"@id\":\"https:\/\/now-news.de\/de\/#organization\",\"name\":\"Just Now News\",\"url\":\"https:\/\/now-news.de\/de\/\",\"logo\":{\"@type\":\"ImageObject\",\"inLanguage\":\"de\",\"@id\":\"https:\/\/now-news.de\/de\/#\/schema\/logo\/image\/\",\"url\":\"http:\/\/just-now.news\/de\/wp-content\/uploads\/sites\/3\/2022\/04\/logo500x500.jpg\",\"contentUrl\":\"http:\/\/just-now.news\/de\/wp-content\/uploads\/sites\/3\/2022\/04\/logo500x500.jpg\",\"width\":500,\"height\":500,\"caption\":\"Just Now News\"},\"image\":{\"@id\":\"https:\/\/now-news.de\/de\/#\/schema\/logo\/image\/\"},\"sameAs\":[\"https:\/\/www.facebook.com\/wirmachenauf\",\"https:\/\/x.com\/WirMachenAuf_de\"]},{\"@type\":\"Person\",\"@id\":\"https:\/\/now-news.de\/de\/#\/schema\/person\/c6dfcd35a72a074487761b9d49aef52f\",\"name\":\"epoch\",\"image\":{\"@type\":\"ImageObject\",\"inLanguage\":\"de\",\"@id\":\"https:\/\/now-news.de\/de\/#\/schema\/person\/image\/\",\"url\":\"https:\/\/secure.gravatar.com\/avatar\/56933836307948e61ef581cc4d100335?s=96&d=mm&r=g\",\"contentUrl\":\"https:\/\/secure.gravatar.com\/avatar\/56933836307948e61ef581cc4d100335?s=96&d=mm&r=g\",\"caption\":\"epoch\"},\"url\":\"https:\/\/now-news.de\/de\/author\/epoch\/\"}]}<\/script>\n<!-- \/ Yoast SEO Premium plugin. -->","yoast_head_json":{"title":"Das Fehlen einer \u201eerkennbaren Au\u00dfenpolitik\u201c der Biden-Administration ermutigt Amerikas Gegner: Cal Thomas - just-now.NEWS Deutschland","robots":{"index":"index","follow":"follow","max-snippet":"max-snippet:-1","max-image-preview":"max-image-preview:large","max-video-preview":"max-video-preview:-1"},"canonical":"https:\/\/now-news.de\/de\/china\/das-fehlen-einer-erkennbaren-aussenpolitik-der-biden-administration-ermutigt-amerikas-gegner-cal-thomas\/","og_locale":"de_DE","og_type":"article","og_title":"Das Fehlen einer \u201eerkennbaren Au\u00dfenpolitik\u201c der Biden-Administration ermutigt Amerikas Gegner: Cal Thomas","og_description":"Das Fehlen einer klaren und konsequenten Au\u00dfenpolitik mit klar definierten und erreichbaren Zielen hat laut Kolumnist und Kommentator Cal Thomas Amerikas Position gegen\u00fcber geostrategischen Rivalen und Staaten mit einer destabilisierenden Rolle in der Welt geschw\u00e4cht. \u201eIch bin mir einfach nicht sicher, ob die Biden-Administration eine erkennbare Au\u00dfenpolitik hat, sei es im Moment in Bezug auf [&hellip;]","og_url":"https:\/\/now-news.de\/de\/china\/das-fehlen-einer-erkennbaren-aussenpolitik-der-biden-administration-ermutigt-amerikas-gegner-cal-thomas\/","og_site_name":"just-now.NEWS Deutschland","article_publisher":"https:\/\/www.facebook.com\/wirmachenauf","article_published_time":"2022-06-06T21:34:36+00:00","og_image":[{"width":1200,"height":800,"url":"https:\/\/now-news.de\/de\/wp-content\/uploads\/sites\/3\/2022\/06\/1654558772_Das-Fehlen-einer-\u201eerkennbaren-Aussenpolitik-der-Biden-Administration-ermutigt-Amerikas-Gegner.jpg","type":"image\/jpeg"}],"author":"epoch","twitter_card":"summary_large_image","twitter_creator":"@WirMachenAuf_de","twitter_site":"@WirMachenAuf_de","twitter_misc":{"Verfasst von":"epoch","Gesch\u00e4tzte Lesezeit":"4\u00a0Minuten"},"schema":{"@context":"https:\/\/schema.org","@graph":[{"@type":"Article","@id":"https:\/\/now-news.de\/de\/china\/das-fehlen-einer-erkennbaren-aussenpolitik-der-biden-administration-ermutigt-amerikas-gegner-cal-thomas\/#article","isPartOf":{"@id":"https:\/\/now-news.de\/de\/china\/das-fehlen-einer-erkennbaren-aussenpolitik-der-biden-administration-ermutigt-amerikas-gegner-cal-thomas\/"},"author":{"name":"epoch","@id":"https:\/\/now-news.de\/de\/#\/schema\/person\/c6dfcd35a72a074487761b9d49aef52f"},"headline":"Das Fehlen einer \u201eerkennbaren Au\u00dfenpolitik\u201c der Biden-Administration ermutigt Amerikas Gegner: Cal Thomas","datePublished":"2022-06-06T21:34:36+00:00","dateModified":"2022-06-06T21:34:36+00:00","mainEntityOfPage":{"@id":"https:\/\/now-news.de\/de\/china\/das-fehlen-einer-erkennbaren-aussenpolitik-der-biden-administration-ermutigt-amerikas-gegner-cal-thomas\/"},"wordCount":895,"commentCount":0,"publisher":{"@id":"https:\/\/now-news.de\/de\/#organization"},"image":{"@id":"https:\/\/now-news.de\/de\/china\/das-fehlen-einer-erkennbaren-aussenpolitik-der-biden-administration-ermutigt-amerikas-gegner-cal-thomas\/#primaryimage"},"thumbnailUrl":"https:\/\/now-news.de\/de\/wp-content\/uploads\/sites\/3\/2022\/06\/1654558772_Das-Fehlen-einer-\u201eerkennbaren-Aussenpolitik-der-Biden-Administration-ermutigt-Amerikas-Gegner.jpg","keywords":["Amerikas","au\u00dfenpolitik","BidenAdministration","Cal","das","der","einer","erkennbaren","ermutigt","fehlen","Gegner","Thomas"],"articleSection":["China"],"inLanguage":"de","potentialAction":[{"@type":"CommentAction","name":"Comment","target":["https:\/\/now-news.de\/de\/china\/das-fehlen-einer-erkennbaren-aussenpolitik-der-biden-administration-ermutigt-amerikas-gegner-cal-thomas\/#respond"]}]},{"@type":"WebPage","@id":"https:\/\/now-news.de\/de\/china\/das-fehlen-einer-erkennbaren-aussenpolitik-der-biden-administration-ermutigt-amerikas-gegner-cal-thomas\/","url":"https:\/\/now-news.de\/de\/china\/das-fehlen-einer-erkennbaren-aussenpolitik-der-biden-administration-ermutigt-amerikas-gegner-cal-thomas\/","name":"Das Fehlen einer \u201eerkennbaren Au\u00dfenpolitik\u201c der Biden-Administration ermutigt Amerikas Gegner: Cal Thomas - just-now.NEWS Deutschland","isPartOf":{"@id":"https:\/\/now-news.de\/de\/#website"},"primaryImageOfPage":{"@id":"https:\/\/now-news.de\/de\/china\/das-fehlen-einer-erkennbaren-aussenpolitik-der-biden-administration-ermutigt-amerikas-gegner-cal-thomas\/#primaryimage"},"image":{"@id":"https:\/\/now-news.de\/de\/china\/das-fehlen-einer-erkennbaren-aussenpolitik-der-biden-administration-ermutigt-amerikas-gegner-cal-thomas\/#primaryimage"},"thumbnailUrl":"https:\/\/now-news.de\/de\/wp-content\/uploads\/sites\/3\/2022\/06\/1654558772_Das-Fehlen-einer-\u201eerkennbaren-Aussenpolitik-der-Biden-Administration-ermutigt-Amerikas-Gegner.jpg","datePublished":"2022-06-06T21:34:36+00:00","dateModified":"2022-06-06T21:34:36+00:00","breadcrumb":{"@id":"https:\/\/now-news.de\/de\/china\/das-fehlen-einer-erkennbaren-aussenpolitik-der-biden-administration-ermutigt-amerikas-gegner-cal-thomas\/#breadcrumb"},"inLanguage":"de","potentialAction":[{"@type":"ReadAction","target":["https:\/\/now-news.de\/de\/china\/das-fehlen-einer-erkennbaren-aussenpolitik-der-biden-administration-ermutigt-amerikas-gegner-cal-thomas\/"]}]},{"@type":"ImageObject","inLanguage":"de","@id":"https:\/\/now-news.de\/de\/china\/das-fehlen-einer-erkennbaren-aussenpolitik-der-biden-administration-ermutigt-amerikas-gegner-cal-thomas\/#primaryimage","url":"https:\/\/now-news.de\/de\/wp-content\/uploads\/sites\/3\/2022\/06\/1654558772_Das-Fehlen-einer-\u201eerkennbaren-Aussenpolitik-der-Biden-Administration-ermutigt-Amerikas-Gegner.jpg","contentUrl":"https:\/\/now-news.de\/de\/wp-content\/uploads\/sites\/3\/2022\/06\/1654558772_Das-Fehlen-einer-\u201eerkennbaren-Aussenpolitik-der-Biden-Administration-ermutigt-Amerikas-Gegner.jpg","width":1200,"height":800},{"@type":"BreadcrumbList","@id":"https:\/\/now-news.de\/de\/china\/das-fehlen-einer-erkennbaren-aussenpolitik-der-biden-administration-ermutigt-amerikas-gegner-cal-thomas\/#breadcrumb","itemListElement":[{"@type":"ListItem","position":1,"name":"Home","item":"https:\/\/now-news.de\/de\/"},{"@type":"ListItem","position":2,"name":"Das Fehlen einer \u201eerkennbaren Au\u00dfenpolitik\u201c der Biden-Administration ermutigt Amerikas Gegner: Cal Thomas"}]},{"@type":"WebSite","@id":"https:\/\/now-news.de\/de\/#website","url":"https:\/\/now-news.de\/de\/","name":"just-now.NEWS Deutschland","description":"Das Portal f\u00fcr unzensierte Nachrichten aus der Welt","publisher":{"@id":"https:\/\/now-news.de\/de\/#organization"},"potentialAction":[{"@type":"SearchAction","target":{"@type":"EntryPoint","urlTemplate":"https:\/\/now-news.de\/de\/?s={search_term_string}"},"query-input":"required name=search_term_string"}],"inLanguage":"de"},{"@type":"Organization","@id":"https:\/\/now-news.de\/de\/#organization","name":"Just Now News","url":"https:\/\/now-news.de\/de\/","logo":{"@type":"ImageObject","inLanguage":"de","@id":"https:\/\/now-news.de\/de\/#\/schema\/logo\/image\/","url":"http:\/\/just-now.news\/de\/wp-content\/uploads\/sites\/3\/2022\/04\/logo500x500.jpg","contentUrl":"http:\/\/just-now.news\/de\/wp-content\/uploads\/sites\/3\/2022\/04\/logo500x500.jpg","width":500,"height":500,"caption":"Just Now News"},"image":{"@id":"https:\/\/now-news.de\/de\/#\/schema\/logo\/image\/"},"sameAs":["https:\/\/www.facebook.com\/wirmachenauf","https:\/\/x.com\/WirMachenAuf_de"]},{"@type":"Person","@id":"https:\/\/now-news.de\/de\/#\/schema\/person\/c6dfcd35a72a074487761b9d49aef52f","name":"epoch","image":{"@type":"ImageObject","inLanguage":"de","@id":"https:\/\/now-news.de\/de\/#\/schema\/person\/image\/","url":"https:\/\/secure.gravatar.com\/avatar\/56933836307948e61ef581cc4d100335?s=96&d=mm&r=g","contentUrl":"https:\/\/secure.gravatar.com\/avatar\/56933836307948e61ef581cc4d100335?s=96&d=mm&r=g","caption":"epoch"},"url":"https:\/\/now-news.de\/de\/author\/epoch\/"}]}},"_links":{"self":[{"href":"https:\/\/now-news.de\/de\/wp-json\/wp\/v2\/posts\/10022"}],"collection":[{"href":"https:\/\/now-news.de\/de\/wp-json\/wp\/v2\/posts"}],"about":[{"href":"https:\/\/now-news.de\/de\/wp-json\/wp\/v2\/types\/post"}],"author":[{"embeddable":true,"href":"https:\/\/now-news.de\/de\/wp-json\/wp\/v2\/users\/6"}],"replies":[{"embeddable":true,"href":"https:\/\/now-news.de\/de\/wp-json\/wp\/v2\/comments?post=10022"}],"version-history":[{"count":0,"href":"https:\/\/now-news.de\/de\/wp-json\/wp\/v2\/posts\/10022\/revisions"}],"wp:featuredmedia":[{"embeddable":true,"href":"https:\/\/now-news.de\/de\/wp-json\/wp\/v2\/media\/10023"}],"wp:attachment":[{"href":"https:\/\/now-news.de\/de\/wp-json\/wp\/v2\/media?parent=10022"}],"wp:term":[{"taxonomy":"category","embeddable":true,"href":"https:\/\/now-news.de\/de\/wp-json\/wp\/v2\/categories?post=10022"},{"taxonomy":"post_tag","embeddable":true,"href":"https:\/\/now-news.de\/de\/wp-json\/wp\/v2\/tags?post=10022"}],"curies":[{"name":"wp","href":"https:\/\/api.w.org\/{rel}","templated":true}]}}