{"id":100198,"date":"2026-03-13T16:02:25","date_gmt":"2026-03-13T14:02:25","guid":{"rendered":"https:\/\/now-news.de\/de\/deutschland\/ubs-fordert-schutz-vor-klagen-gold-der-nazis-bleibt-unter-schweizer-kontrolle\/"},"modified":"2026-03-13T16:02:25","modified_gmt":"2026-03-13T14:02:25","slug":"ubs-fordert-schutz-vor-klagen-gold-der-nazis-bleibt-unter-schweizer-kontrolle","status":"publish","type":"post","link":"https:\/\/now-news.de\/de\/deutschland\/ubs-fordert-schutz-vor-klagen-gold-der-nazis-bleibt-unter-schweizer-kontrolle\/","title":{"rendered":"UBS fordert Schutz vor Klagen \u2013 &quot;Gold der Nazis&quot; bleibt unter Schweizer Kontrolle"},"content":{"rendered":"<p><img decoding=\"async\" src=\"https:\/\/now-news.de\/de\/wp-content\/uploads\/sites\/3\/2026\/03\/69b3ee2bb480cc5c477b4cdc.jpg\" \/><\/p>\n<div class=\"Text-root Text-type_1 \">\n                Nach der \u00dcbernahme der Credit Suisse 2023 beantragt UBS, den Vergleich von 1999 als abschlie\u00dfend f\u00fcr Holocaust-Anspr\u00fcche zu best\u00e4tigen. Rund 890 Konten mit m\u00f6glichen NS-Bez\u00fcgen waren 2020 entdeckt worden. UBS verweigert die Herausgabe bestimmter Dokumente und beruft sich auf das Anwaltsgeheimnis.\n            <\/div>\n<p><\/p>\n<div class=\"Text-root Text-type_5 ArticleView-text ViewText-root \">\n<p data-start=\"236\" data-end=\"666\">Die Schweizer Gro\u00dfbank UBS hat in den USA einen Antrag gestellt, der sie vor weiteren Gerichtsverfahren im Zusammenhang mit den Aktivit\u00e4ten der fr\u00fcheren Credit Suisse w\u00e4hrend des Zweiten Weltkriegs sch\u00fctzen soll.<\/p>\n<p data-start=\"236\" data-end=\"666\">Hintergrund ist der Versuch der Bank, die rechtliche Abdeckung eines Vergleichs von 1999 zu best\u00e4tigen, der mehr als 458.000 Opfer des Nationalsozialismus und deren Familien mit 1,25 Milliarden Dollar entsch\u00e4digte.<\/p>\n<p data-start=\"668\" data-end=\"1254\">UBS, die Credit Suisse 2023 im Rahmen einer von der Schweizer Regierung organisierten Rettungsaktion \u00fcbernommen hat, beantragte vor dem US-Bundesrichter Edward Korman in Brooklyn eine &#8220;klarstellende Verf\u00fcgung&#8221;. Diese soll best\u00e4tigen, dass der Vergleich von 1999 &#8220;alle Anspr\u00fcche \u2013 vergangene, gegenw\u00e4rtige und zuk\u00fcnftige&#8221; im Zusammenhang mit dem Holocaust, dem Zweiten Weltkrieg sowie deren Vor- und Nachgeschichte abdeckt. UBS-Anw\u00e4lte sprechen von einem &#8220;vollst\u00e4ndigen Abschluss&#8221; der rechtlichen Verantwortung, um weitere Klagen auszuschlie\u00dfen.<\/p>\n<p data-start=\"668\" data-end=\"1254\">Ausl\u00f6ser des neuen Antrags sind Berichte \u00fcber bisher unaufgearbeitete Konten bei Credit Suisse. Eine interne Untersuchung aus dem Jahr 2020 hatte rund 890 Konten identifiziert, die potenzielle Verbindungen zu den Nationalsozialisten aufweisen. Der unabh\u00e4ngige Ermittler Neil Barofsky fordert die Herausgabe von etwa 150 Dokumenten, die UBS bislang unter Berufung auf anwaltliche Geheimhaltungspflichten zur\u00fcckh\u00e4lt. Die Bank erkl\u00e4rte, die Unterlagen nur bei entsprechender gerichtlicher Absicherung freigeben zu wollen.<\/p>\n<p data-start=\"1777\" data-end=\"2189\">Das Simon-Wiesenthal-Center widerspricht dem Antrag der Bank. Deren Anw\u00e4ltin Faith Gay kritisierte, UBS versuche, den Vergleich nachtr\u00e4glich auszudehnen und die Organisation daran zu hindern, neue Fragen zu den historischen Verbindungen der Credit Suisse zu stellen. Ihrer Ansicht nach ist aktuell keine konkrete Klage geplant, und die Bank versuche lediglich, die Aufarbeitung der Vergangenheit zu blockieren.<\/p>\n<p data-start=\"0\" data-end=\"398\" data-is-last-node=\"\" data-is-only-node=\"\">In den USA w\u00e4chst der politische Druck. Senator Charles Grassley, Vorsitzender des Justizausschusses, erkl\u00e4rte, zu den Inhabern der fraglichen Konten h\u00e4tten unter anderem das deutsche Au\u00dfenministerium, die SS und ein deutscher Waffenhersteller geh\u00f6rt. Richter Korman traf zun\u00e4chst keine Entscheidung und regte an, dass beide Seiten \u00fcber die Herausgabe der strittigen Dokumente verhandeln.<\/p>\n<p data-start=\"0\" data-end=\"571\" data-is-last-node=\"\" data-is-only-node=\"\">Die UBS bewegt sich damit in einem sensiblen Spannungsfeld. Nach der \u00dcbernahme der Credit Suisse strebt die Bank rechtliche Klarheit \u00fcber m\u00f6gliche Anspr\u00fcche aus der Zeit des Zweiten Weltkriegs an.<\/p>\n<p data-start=\"0\" data-end=\"571\" data-is-last-node=\"\" data-is-only-node=\"\">Gleichzeitig bleibt die historische Verantwortung gegen\u00fcber den Opfern des Nationalsozialismus ein politisch und moralisch aufgeladenes Thema. UBS erkl\u00e4rt, die offenen Fragen zu Verm\u00f6genswerten aus jener Zeit abschlie\u00dfend kl\u00e4ren zu wollen. In den USA wird hingegen teilweise die Sorge ge\u00e4u\u00dfert, dass damit auch k\u00fcnftige Forderungen pr\u00e4ventiv ausgeschlossen werden k\u00f6nnten.<\/p>\n<p data-start=\"0\" data-end=\"571\" data-is-last-node=\"\" data-is-only-node=\"\"><strong>Mehr zum Thema \u2013<\/strong>\u00a0<a rel=\"nofollow noopener\" target=\"_blank\" href=\"https:\/\/freedert.online\/wirtschaft\/270666-aus-grund-scheitert-finanzkrieg-westens\/\">Aus diesem Grund scheitert der Finanzkrieg des Westens<\/a><\/p>\n<div class=\"EmbedBlock-root EmbedBlock-externalVideo EmbedBlock-rumble\">\n<div class=\"VkEmbed\"><iframe class=\"lazyload\" data-src=\"https:\/\/rumble.com\/embed\/v730gqa\" frameborder=\"0\" width=\"853\" height=\"480\" allowfullscreen><\/iframe><\/div>\n<\/div>\n<\/div>\n<p><br \/>\n<br \/><a href=\"https:\/\/de.rt.com\/schweiz\/273183-ubs-fordert-schutz-vor-neuen\/\">Source link <\/a><\/p>\n","protected":false},"excerpt":{"rendered":"<p>Nach der \u00dcbernahme der Credit Suisse 2023 beantragt UBS, den Vergleich von 1999 als abschlie\u00dfend f\u00fcr Holocaust-Anspr\u00fcche zu best\u00e4tigen. Rund 890 Konten mit m\u00f6glichen NS-Bez\u00fcgen waren 2020 entdeckt worden. UBS verweigert die Herausgabe bestimmter Dokumente und beruft sich auf das Anwaltsgeheimnis. Die Schweizer Gro\u00dfbank UBS hat in den USA einen Antrag gestellt, der sie vor [&hellip;]<\/p>\n","protected":false},"author":3,"featured_media":100199,"comment_status":"open","ping_status":"open","sticky":false,"template":"","format":"standard","meta":{"_yoast_indexnow_last_ping":["1773411001"],"wp_automatic_camp":["217"],"e1a4a1d12cd1902c03cbe5b3da579a4e":["UBS fordert Schutz vor Klagen \u2013 &quot;Gold der Nazis&quot; bleibt unter Schweizer Kontrolle"],"original_link":["https:\/\/de.rt.com\/schweiz\/273183-ubs-fordert-schutz-vor-neuen\/"],"_thumbnail_id":["100199"],"jnews_social_counter_last_update":["1777796684"],"_wptgpro_p2tg_sent2tg":["a:1:{i:23737;s:19:\"2026-03-13 16:11:01\";}"]},"categories":[19,23],"tags":[487,82,355,22673,4567,48289,52780,10666,3424,42204,908,320],"yoast_head":"<!-- This site is optimized with the Yoast SEO Premium plugin v22.7 (Yoast SEO v22.7) - https:\/\/yoast.com\/wordpress\/plugins\/seo\/ -->\n<title>UBS fordert Schutz vor Klagen \u2013 &quot;Gold der Nazis&quot; bleibt unter Schweizer Kontrolle - just-now.NEWS Deutschland<\/title>\n<meta name=\"robots\" content=\"index, follow, max-snippet:-1, max-image-preview:large, max-video-preview:-1\" \/>\n<link rel=\"canonical\" href=\"https:\/\/now-news.de\/de\/deutschland\/ubs-fordert-schutz-vor-klagen-gold-der-nazis-bleibt-unter-schweizer-kontrolle\/\" \/>\n<meta property=\"og:locale\" content=\"de_DE\" \/>\n<meta property=\"og:type\" content=\"article\" \/>\n<meta property=\"og:title\" content=\"UBS fordert Schutz vor Klagen \u2013 &quot;Gold der Nazis&quot; bleibt unter Schweizer Kontrolle\" \/>\n<meta property=\"og:description\" content=\"Nach der \u00dcbernahme der Credit Suisse 2023 beantragt UBS, den Vergleich von 1999 als abschlie\u00dfend f\u00fcr Holocaust-Anspr\u00fcche zu best\u00e4tigen. Rund 890 Konten mit m\u00f6glichen NS-Bez\u00fcgen waren 2020 entdeckt worden. UBS verweigert die Herausgabe bestimmter Dokumente und beruft sich auf das Anwaltsgeheimnis. Die Schweizer Gro\u00dfbank UBS hat in den USA einen Antrag gestellt, der sie vor [&hellip;]\" \/>\n<meta property=\"og:url\" content=\"https:\/\/now-news.de\/de\/deutschland\/ubs-fordert-schutz-vor-klagen-gold-der-nazis-bleibt-unter-schweizer-kontrolle\/\" \/>\n<meta property=\"og:site_name\" content=\"just-now.NEWS Deutschland\" \/>\n<meta property=\"article:publisher\" content=\"https:\/\/www.facebook.com\/wirmachenauf\" \/>\n<meta property=\"article:published_time\" content=\"2026-03-13T14:02:25+00:00\" \/>\n<meta property=\"og:image\" content=\"https:\/\/now-news.de\/de\/wp-content\/uploads\/sites\/3\/2026\/03\/69b3ee2bb480cc5c477b4cdc.jpg\" \/>\n<meta name=\"author\" content=\"rtnews\" \/>\n<meta name=\"twitter:card\" content=\"summary_large_image\" \/>\n<meta name=\"twitter:creator\" content=\"@WirMachenAuf_de\" \/>\n<meta name=\"twitter:site\" content=\"@WirMachenAuf_de\" \/>\n<meta name=\"twitter:label1\" content=\"Verfasst von\" \/>\n\t<meta name=\"twitter:data1\" content=\"rtnews\" \/>\n\t<meta name=\"twitter:label2\" content=\"Gesch\u00e4tzte Lesezeit\" \/>\n\t<meta name=\"twitter:data2\" content=\"2\u00a0Minuten\" \/>\n<script type=\"application\/ld+json\" class=\"yoast-schema-graph\">{\"@context\":\"https:\/\/schema.org\",\"@graph\":[{\"@type\":\"Article\",\"@id\":\"https:\/\/now-news.de\/de\/deutschland\/ubs-fordert-schutz-vor-klagen-gold-der-nazis-bleibt-unter-schweizer-kontrolle\/#article\",\"isPartOf\":{\"@id\":\"https:\/\/now-news.de\/de\/deutschland\/ubs-fordert-schutz-vor-klagen-gold-der-nazis-bleibt-unter-schweizer-kontrolle\/\"},\"author\":{\"name\":\"rtnews\",\"@id\":\"https:\/\/now-news.de\/de\/#\/schema\/person\/fb534a4e865501d8b3285208df34a9b5\"},\"headline\":\"UBS fordert Schutz vor Klagen \u2013 &quot;Gold der Nazis&quot; bleibt unter Schweizer Kontrolle\",\"datePublished\":\"2026-03-13T14:02:25+00:00\",\"dateModified\":\"2026-03-13T14:02:25+00:00\",\"mainEntityOfPage\":{\"@id\":\"https:\/\/now-news.de\/de\/deutschland\/ubs-fordert-schutz-vor-klagen-gold-der-nazis-bleibt-unter-schweizer-kontrolle\/\"},\"wordCount\":483,\"commentCount\":0,\"publisher\":{\"@id\":\"https:\/\/now-news.de\/de\/#organization\"},\"image\":{\"@id\":\"https:\/\/now-news.de\/de\/deutschland\/ubs-fordert-schutz-vor-klagen-gold-der-nazis-bleibt-unter-schweizer-kontrolle\/#primaryimage\"},\"thumbnailUrl\":\"https:\/\/now-news.de\/de\/wp-content\/uploads\/sites\/3\/2026\/03\/UBS-fordert-Schutz-vor-Klagen-\u2013-quotGold-der-Nazisquot-bleibt.jpg\",\"keywords\":[\"bleibt\",\"der\",\"fordert\",\"klagen\",\"Kontrolle\",\"Nazisquot\",\"quotGold\",\"Schutz\",\"Schweizer\",\"UBS\",\"unter\",\"vor\"],\"articleSection\":[\"Deutschland\",\"Russland\"],\"inLanguage\":\"de\",\"potentialAction\":[{\"@type\":\"CommentAction\",\"name\":\"Comment\",\"target\":[\"https:\/\/now-news.de\/de\/deutschland\/ubs-fordert-schutz-vor-klagen-gold-der-nazis-bleibt-unter-schweizer-kontrolle\/#respond\"]}]},{\"@type\":\"WebPage\",\"@id\":\"https:\/\/now-news.de\/de\/deutschland\/ubs-fordert-schutz-vor-klagen-gold-der-nazis-bleibt-unter-schweizer-kontrolle\/\",\"url\":\"https:\/\/now-news.de\/de\/deutschland\/ubs-fordert-schutz-vor-klagen-gold-der-nazis-bleibt-unter-schweizer-kontrolle\/\",\"name\":\"UBS fordert Schutz vor Klagen \u2013 &quot;Gold der Nazis&quot; bleibt unter Schweizer Kontrolle - just-now.NEWS Deutschland\",\"isPartOf\":{\"@id\":\"https:\/\/now-news.de\/de\/#website\"},\"primaryImageOfPage\":{\"@id\":\"https:\/\/now-news.de\/de\/deutschland\/ubs-fordert-schutz-vor-klagen-gold-der-nazis-bleibt-unter-schweizer-kontrolle\/#primaryimage\"},\"image\":{\"@id\":\"https:\/\/now-news.de\/de\/deutschland\/ubs-fordert-schutz-vor-klagen-gold-der-nazis-bleibt-unter-schweizer-kontrolle\/#primaryimage\"},\"thumbnailUrl\":\"https:\/\/now-news.de\/de\/wp-content\/uploads\/sites\/3\/2026\/03\/UBS-fordert-Schutz-vor-Klagen-\u2013-quotGold-der-Nazisquot-bleibt.jpg\",\"datePublished\":\"2026-03-13T14:02:25+00:00\",\"dateModified\":\"2026-03-13T14:02:25+00:00\",\"breadcrumb\":{\"@id\":\"https:\/\/now-news.de\/de\/deutschland\/ubs-fordert-schutz-vor-klagen-gold-der-nazis-bleibt-unter-schweizer-kontrolle\/#breadcrumb\"},\"inLanguage\":\"de\",\"potentialAction\":[{\"@type\":\"ReadAction\",\"target\":[\"https:\/\/now-news.de\/de\/deutschland\/ubs-fordert-schutz-vor-klagen-gold-der-nazis-bleibt-unter-schweizer-kontrolle\/\"]}]},{\"@type\":\"ImageObject\",\"inLanguage\":\"de\",\"@id\":\"https:\/\/now-news.de\/de\/deutschland\/ubs-fordert-schutz-vor-klagen-gold-der-nazis-bleibt-unter-schweizer-kontrolle\/#primaryimage\",\"url\":\"https:\/\/now-news.de\/de\/wp-content\/uploads\/sites\/3\/2026\/03\/UBS-fordert-Schutz-vor-Klagen-\u2013-quotGold-der-Nazisquot-bleibt.jpg\",\"contentUrl\":\"https:\/\/now-news.de\/de\/wp-content\/uploads\/sites\/3\/2026\/03\/UBS-fordert-Schutz-vor-Klagen-\u2013-quotGold-der-Nazisquot-bleibt.jpg\",\"width\":460,\"height\":259,\"caption\":\"UBS fordert Schutz vor Klagen \u2013 &quot;Gold der Nazis&quot; bleibt unter Schweizer Kontrolle\"},{\"@type\":\"BreadcrumbList\",\"@id\":\"https:\/\/now-news.de\/de\/deutschland\/ubs-fordert-schutz-vor-klagen-gold-der-nazis-bleibt-unter-schweizer-kontrolle\/#breadcrumb\",\"itemListElement\":[{\"@type\":\"ListItem\",\"position\":1,\"name\":\"Home\",\"item\":\"https:\/\/now-news.de\/de\/\"},{\"@type\":\"ListItem\",\"position\":2,\"name\":\"UBS fordert Schutz vor Klagen \u2013 &quot;Gold der Nazis&quot; bleibt unter Schweizer Kontrolle\"}]},{\"@type\":\"WebSite\",\"@id\":\"https:\/\/now-news.de\/de\/#website\",\"url\":\"https:\/\/now-news.de\/de\/\",\"name\":\"just-now.NEWS Deutschland\",\"description\":\"Das Portal f\u00fcr unzensierte Nachrichten aus der Welt\",\"publisher\":{\"@id\":\"https:\/\/now-news.de\/de\/#organization\"},\"potentialAction\":[{\"@type\":\"SearchAction\",\"target\":{\"@type\":\"EntryPoint\",\"urlTemplate\":\"https:\/\/now-news.de\/de\/?s={search_term_string}\"},\"query-input\":\"required name=search_term_string\"}],\"inLanguage\":\"de\"},{\"@type\":\"Organization\",\"@id\":\"https:\/\/now-news.de\/de\/#organization\",\"name\":\"Just Now News\",\"url\":\"https:\/\/now-news.de\/de\/\",\"logo\":{\"@type\":\"ImageObject\",\"inLanguage\":\"de\",\"@id\":\"https:\/\/now-news.de\/de\/#\/schema\/logo\/image\/\",\"url\":\"http:\/\/just-now.news\/de\/wp-content\/uploads\/sites\/3\/2022\/04\/logo500x500.jpg\",\"contentUrl\":\"http:\/\/just-now.news\/de\/wp-content\/uploads\/sites\/3\/2022\/04\/logo500x500.jpg\",\"width\":500,\"height\":500,\"caption\":\"Just Now News\"},\"image\":{\"@id\":\"https:\/\/now-news.de\/de\/#\/schema\/logo\/image\/\"},\"sameAs\":[\"https:\/\/www.facebook.com\/wirmachenauf\",\"https:\/\/x.com\/WirMachenAuf_de\"]},{\"@type\":\"Person\",\"@id\":\"https:\/\/now-news.de\/de\/#\/schema\/person\/fb534a4e865501d8b3285208df34a9b5\",\"name\":\"rtnews\",\"image\":{\"@type\":\"ImageObject\",\"inLanguage\":\"de\",\"@id\":\"https:\/\/now-news.de\/de\/#\/schema\/person\/image\/\",\"url\":\"https:\/\/secure.gravatar.com\/avatar\/82aafea7d8127119dd649515f56e2117?s=96&d=mm&r=g\",\"contentUrl\":\"https:\/\/secure.gravatar.com\/avatar\/82aafea7d8127119dd649515f56e2117?s=96&d=mm&r=g\",\"caption\":\"rtnews\"},\"url\":\"https:\/\/now-news.de\/de\/author\/rnews\/\"}]}<\/script>\n<!-- \/ Yoast SEO Premium plugin. -->","yoast_head_json":{"title":"UBS fordert Schutz vor Klagen \u2013 &quot;Gold der Nazis&quot; bleibt unter Schweizer Kontrolle - just-now.NEWS Deutschland","robots":{"index":"index","follow":"follow","max-snippet":"max-snippet:-1","max-image-preview":"max-image-preview:large","max-video-preview":"max-video-preview:-1"},"canonical":"https:\/\/now-news.de\/de\/deutschland\/ubs-fordert-schutz-vor-klagen-gold-der-nazis-bleibt-unter-schweizer-kontrolle\/","og_locale":"de_DE","og_type":"article","og_title":"UBS fordert Schutz vor Klagen \u2013 &quot;Gold der Nazis&quot; bleibt unter Schweizer Kontrolle","og_description":"Nach der \u00dcbernahme der Credit Suisse 2023 beantragt UBS, den Vergleich von 1999 als abschlie\u00dfend f\u00fcr Holocaust-Anspr\u00fcche zu best\u00e4tigen. Rund 890 Konten mit m\u00f6glichen NS-Bez\u00fcgen waren 2020 entdeckt worden. UBS verweigert die Herausgabe bestimmter Dokumente und beruft sich auf das Anwaltsgeheimnis. Die Schweizer Gro\u00dfbank UBS hat in den USA einen Antrag gestellt, der sie vor [&hellip;]","og_url":"https:\/\/now-news.de\/de\/deutschland\/ubs-fordert-schutz-vor-klagen-gold-der-nazis-bleibt-unter-schweizer-kontrolle\/","og_site_name":"just-now.NEWS Deutschland","article_publisher":"https:\/\/www.facebook.com\/wirmachenauf","article_published_time":"2026-03-13T14:02:25+00:00","og_image":[{"url":"https:\/\/now-news.de\/de\/wp-content\/uploads\/sites\/3\/2026\/03\/69b3ee2bb480cc5c477b4cdc.jpg"}],"author":"rtnews","twitter_card":"summary_large_image","twitter_creator":"@WirMachenAuf_de","twitter_site":"@WirMachenAuf_de","twitter_misc":{"Verfasst von":"rtnews","Gesch\u00e4tzte Lesezeit":"2\u00a0Minuten"},"schema":{"@context":"https:\/\/schema.org","@graph":[{"@type":"Article","@id":"https:\/\/now-news.de\/de\/deutschland\/ubs-fordert-schutz-vor-klagen-gold-der-nazis-bleibt-unter-schweizer-kontrolle\/#article","isPartOf":{"@id":"https:\/\/now-news.de\/de\/deutschland\/ubs-fordert-schutz-vor-klagen-gold-der-nazis-bleibt-unter-schweizer-kontrolle\/"},"author":{"name":"rtnews","@id":"https:\/\/now-news.de\/de\/#\/schema\/person\/fb534a4e865501d8b3285208df34a9b5"},"headline":"UBS fordert Schutz vor Klagen \u2013 &quot;Gold der Nazis&quot; bleibt unter Schweizer Kontrolle","datePublished":"2026-03-13T14:02:25+00:00","dateModified":"2026-03-13T14:02:25+00:00","mainEntityOfPage":{"@id":"https:\/\/now-news.de\/de\/deutschland\/ubs-fordert-schutz-vor-klagen-gold-der-nazis-bleibt-unter-schweizer-kontrolle\/"},"wordCount":483,"commentCount":0,"publisher":{"@id":"https:\/\/now-news.de\/de\/#organization"},"image":{"@id":"https:\/\/now-news.de\/de\/deutschland\/ubs-fordert-schutz-vor-klagen-gold-der-nazis-bleibt-unter-schweizer-kontrolle\/#primaryimage"},"thumbnailUrl":"https:\/\/now-news.de\/de\/wp-content\/uploads\/sites\/3\/2026\/03\/UBS-fordert-Schutz-vor-Klagen-\u2013-quotGold-der-Nazisquot-bleibt.jpg","keywords":["bleibt","der","fordert","klagen","Kontrolle","Nazisquot","quotGold","Schutz","Schweizer","UBS","unter","vor"],"articleSection":["Deutschland","Russland"],"inLanguage":"de","potentialAction":[{"@type":"CommentAction","name":"Comment","target":["https:\/\/now-news.de\/de\/deutschland\/ubs-fordert-schutz-vor-klagen-gold-der-nazis-bleibt-unter-schweizer-kontrolle\/#respond"]}]},{"@type":"WebPage","@id":"https:\/\/now-news.de\/de\/deutschland\/ubs-fordert-schutz-vor-klagen-gold-der-nazis-bleibt-unter-schweizer-kontrolle\/","url":"https:\/\/now-news.de\/de\/deutschland\/ubs-fordert-schutz-vor-klagen-gold-der-nazis-bleibt-unter-schweizer-kontrolle\/","name":"UBS fordert Schutz vor Klagen \u2013 &quot;Gold der Nazis&quot; bleibt unter Schweizer Kontrolle - just-now.NEWS Deutschland","isPartOf":{"@id":"https:\/\/now-news.de\/de\/#website"},"primaryImageOfPage":{"@id":"https:\/\/now-news.de\/de\/deutschland\/ubs-fordert-schutz-vor-klagen-gold-der-nazis-bleibt-unter-schweizer-kontrolle\/#primaryimage"},"image":{"@id":"https:\/\/now-news.de\/de\/deutschland\/ubs-fordert-schutz-vor-klagen-gold-der-nazis-bleibt-unter-schweizer-kontrolle\/#primaryimage"},"thumbnailUrl":"https:\/\/now-news.de\/de\/wp-content\/uploads\/sites\/3\/2026\/03\/UBS-fordert-Schutz-vor-Klagen-\u2013-quotGold-der-Nazisquot-bleibt.jpg","datePublished":"2026-03-13T14:02:25+00:00","dateModified":"2026-03-13T14:02:25+00:00","breadcrumb":{"@id":"https:\/\/now-news.de\/de\/deutschland\/ubs-fordert-schutz-vor-klagen-gold-der-nazis-bleibt-unter-schweizer-kontrolle\/#breadcrumb"},"inLanguage":"de","potentialAction":[{"@type":"ReadAction","target":["https:\/\/now-news.de\/de\/deutschland\/ubs-fordert-schutz-vor-klagen-gold-der-nazis-bleibt-unter-schweizer-kontrolle\/"]}]},{"@type":"ImageObject","inLanguage":"de","@id":"https:\/\/now-news.de\/de\/deutschland\/ubs-fordert-schutz-vor-klagen-gold-der-nazis-bleibt-unter-schweizer-kontrolle\/#primaryimage","url":"https:\/\/now-news.de\/de\/wp-content\/uploads\/sites\/3\/2026\/03\/UBS-fordert-Schutz-vor-Klagen-\u2013-quotGold-der-Nazisquot-bleibt.jpg","contentUrl":"https:\/\/now-news.de\/de\/wp-content\/uploads\/sites\/3\/2026\/03\/UBS-fordert-Schutz-vor-Klagen-\u2013-quotGold-der-Nazisquot-bleibt.jpg","width":460,"height":259,"caption":"UBS fordert Schutz vor Klagen \u2013 &quot;Gold der Nazis&quot; bleibt unter Schweizer Kontrolle"},{"@type":"BreadcrumbList","@id":"https:\/\/now-news.de\/de\/deutschland\/ubs-fordert-schutz-vor-klagen-gold-der-nazis-bleibt-unter-schweizer-kontrolle\/#breadcrumb","itemListElement":[{"@type":"ListItem","position":1,"name":"Home","item":"https:\/\/now-news.de\/de\/"},{"@type":"ListItem","position":2,"name":"UBS fordert Schutz vor Klagen \u2013 &quot;Gold der Nazis&quot; bleibt unter Schweizer Kontrolle"}]},{"@type":"WebSite","@id":"https:\/\/now-news.de\/de\/#website","url":"https:\/\/now-news.de\/de\/","name":"just-now.NEWS Deutschland","description":"Das Portal f\u00fcr unzensierte Nachrichten aus der Welt","publisher":{"@id":"https:\/\/now-news.de\/de\/#organization"},"potentialAction":[{"@type":"SearchAction","target":{"@type":"EntryPoint","urlTemplate":"https:\/\/now-news.de\/de\/?s={search_term_string}"},"query-input":"required name=search_term_string"}],"inLanguage":"de"},{"@type":"Organization","@id":"https:\/\/now-news.de\/de\/#organization","name":"Just Now News","url":"https:\/\/now-news.de\/de\/","logo":{"@type":"ImageObject","inLanguage":"de","@id":"https:\/\/now-news.de\/de\/#\/schema\/logo\/image\/","url":"http:\/\/just-now.news\/de\/wp-content\/uploads\/sites\/3\/2022\/04\/logo500x500.jpg","contentUrl":"http:\/\/just-now.news\/de\/wp-content\/uploads\/sites\/3\/2022\/04\/logo500x500.jpg","width":500,"height":500,"caption":"Just Now News"},"image":{"@id":"https:\/\/now-news.de\/de\/#\/schema\/logo\/image\/"},"sameAs":["https:\/\/www.facebook.com\/wirmachenauf","https:\/\/x.com\/WirMachenAuf_de"]},{"@type":"Person","@id":"https:\/\/now-news.de\/de\/#\/schema\/person\/fb534a4e865501d8b3285208df34a9b5","name":"rtnews","image":{"@type":"ImageObject","inLanguage":"de","@id":"https:\/\/now-news.de\/de\/#\/schema\/person\/image\/","url":"https:\/\/secure.gravatar.com\/avatar\/82aafea7d8127119dd649515f56e2117?s=96&d=mm&r=g","contentUrl":"https:\/\/secure.gravatar.com\/avatar\/82aafea7d8127119dd649515f56e2117?s=96&d=mm&r=g","caption":"rtnews"},"url":"https:\/\/now-news.de\/de\/author\/rnews\/"}]}},"_links":{"self":[{"href":"https:\/\/now-news.de\/de\/wp-json\/wp\/v2\/posts\/100198"}],"collection":[{"href":"https:\/\/now-news.de\/de\/wp-json\/wp\/v2\/posts"}],"about":[{"href":"https:\/\/now-news.de\/de\/wp-json\/wp\/v2\/types\/post"}],"author":[{"embeddable":true,"href":"https:\/\/now-news.de\/de\/wp-json\/wp\/v2\/users\/3"}],"replies":[{"embeddable":true,"href":"https:\/\/now-news.de\/de\/wp-json\/wp\/v2\/comments?post=100198"}],"version-history":[{"count":0,"href":"https:\/\/now-news.de\/de\/wp-json\/wp\/v2\/posts\/100198\/revisions"}],"wp:featuredmedia":[{"embeddable":true,"href":"https:\/\/now-news.de\/de\/wp-json\/wp\/v2\/media\/100199"}],"wp:attachment":[{"href":"https:\/\/now-news.de\/de\/wp-json\/wp\/v2\/media?parent=100198"}],"wp:term":[{"taxonomy":"category","embeddable":true,"href":"https:\/\/now-news.de\/de\/wp-json\/wp\/v2\/categories?post=100198"},{"taxonomy":"post_tag","embeddable":true,"href":"https:\/\/now-news.de\/de\/wp-json\/wp\/v2\/tags?post=100198"}],"curies":[{"name":"wp","href":"https:\/\/api.w.org\/{rel}","templated":true}]}}