{"id":100188,"date":"2026-03-13T12:47:33","date_gmt":"2026-03-13T10:47:33","guid":{"rendered":"https:\/\/now-news.de\/de\/deutschland\/kallas-usa-wollen-europa-spalten\/"},"modified":"2026-03-13T12:47:33","modified_gmt":"2026-03-13T10:47:33","slug":"kallas-usa-wollen-europa-spalten","status":"publish","type":"post","link":"https:\/\/now-news.de\/de\/deutschland\/kallas-usa-wollen-europa-spalten\/","title":{"rendered":"Kallas: USA wollen Europa spalten"},"content":{"rendered":"<p><img decoding=\"async\" src=\"https:\/\/now-news.de\/de\/wp-content\/uploads\/sites\/3\/2026\/03\/69b3c51948fbef46c26d1320.jpg\" \/><\/p>\n<div class=\"Text-root Text-type_1 \">\n                Die EU-Au\u00dfenbeauftragte Kaja Kallas wirft den USA vor, gezielt die Einheit Europas untergraben zu wollen. Washington setze auf eine Spaltungspolitik, weil einzelne EU-Staaten leichter beeinflussbar seien. Zugleich r\u00e4umt sie &#8220;sehr komplizierte&#8221; Beziehungen zu den USA ein.\n            <\/div>\n<p><\/p>\n<div class=\"Text-root Text-type_5 ArticleView-text ViewText-root \">\n<p>Die EU-Au\u00dfenbeauftragte Kaja Kallas warf den Vereinigten Staaten vor, die Einheit Europas bewusst schw\u00e4chen zu wollen. In einem Interview mit der britischen Zeitung <em>Financial Times<\/em> erkl\u00e4rte sie, Washington versuche, die europ\u00e4ischen Staaten zu spalten.<\/p>\n<blockquote>\n<p><em>&#8220;Es ist wichtig, dass alle verstehen: Die USA haben sehr deutlich gezeigt, dass sie Europa spalten wollen. Ihnen gef\u00e4llt die Europ\u00e4ische Union nicht.&#8221;<\/em><\/p>\n<\/blockquote>\n<p>Nach ihren Worten greift Washington dabei zu Methoden, &#8220;die auch Gegner der EU anwenden&#8221;. Getrennt agierende europ\u00e4ische Regierungen h\u00e4tten weniger Einfluss, was aus Sicht der USA vorteilhaft sei. Zugleich bezeichnete die Chefdiplomatin die Beziehungen zwischen den Vereinigten Staaten und der Europ\u00e4ischen Union als &#8220;sehr kompliziert&#8221;.<\/p>\n<blockquote>\n<p>&#8220;<em>Wenn Sie sich die nationale Sicherheitsstrategie und die nationale Verteidigungsstrategie ansehen, sollten Sie sich, glaube ich, keine Illusionen machen.&#8221;<\/em><\/p>\n<\/blockquote>\n<p>Innerhalb der EU gebe es unterschiedliche Auffassungen dar\u00fcber, wie auf die Politik von US-Pr\u00e4sident Donald Trump reagiert werden sollte. Dennoch m\u00fcssten die Mitgliedstaaten gemeinsam handeln und nicht nur auf bilateraler Ebene mit Washington verhandeln, betonte Kallas. &#8220;Ihnen gef\u00e4llt unser gemeinsames Auftreten nicht, weil wir zusammen eine gleichwertige Kraft sind&#8221;, sagte sie. Die EU-Staaten m\u00fcssten sich zusammenschlie\u00dfen, um &#8220;mit Trump gemeinsam fertigzuwerden&#8221;.<\/p>\n<p>Zugleich r\u00e4umte die ehemalige estnische Ministerpr\u00e4sidentin ein, dass die Politik der aktuellen US-Regierung die Positionen jener L\u00e4nder gest\u00e4rkt habe, die sich f\u00fcr eine st\u00e4rkere strategische Autonomie Europas einsetzen, insbesondere im Verteidigungsbereich. Dazu z\u00e4hlen vor allem Frankreich und andere EU-Staaten. Ein zu schneller \u00dcbergang zu einer solchen Politik k\u00f6nne jedoch kontraproduktiv sein, warnte sie.<\/p>\n<p>Nach Ansicht von Kallas m\u00fcsse Europa gleichzeitig seine Abh\u00e4ngigkeit von den USA verringern und die Zusammenarbeit mit Washington aufrechterhalten. Die EU verf\u00fcge sowohl \u00fcber M\u00f6glichkeiten, &#8220;Trump zu bes\u00e4nftigen&#8221;, als auch ihre Abh\u00e4ngigkeit von den Vereinigten Staaten zu reduzieren. Europa solle weiterhin das einkaufen, was es selbst nicht produzieren k\u00f6nne, zugleich aber st\u00e4rker in die eigene Verteidigungsindustrie investieren. Das Ziel bestehe darin, &#8220;nicht alle Eier in einen Korb zu legen&#8221;. Derzeit k\u00f6nnten die europ\u00e4ischen Staaten noch nicht vollst\u00e4ndig auf den Kauf amerikanischer R\u00fcstungsg\u00fcter verzichten.<\/p>\n<p>In der im Jahr 2025 aktualisierten nationalen Sicherheitsstrategie der USA wird auch Europa thematisiert. Laut dem Dokument muss der Kontinent &#8220;auf eigenen Beinen stehen&#8221; und als Gruppe souver\u00e4ner Staaten handeln, die die Hauptverantwortung f\u00fcr ihre Verteidigung selbst \u00fcbernehmen.\u00a0Zugleich erkl\u00e4rten die USA, dass es Meinungsverschiedenheiten mit europ\u00e4ischen Politikern gebe, die unrealistische Erwartungen im Zusammenhang mit dem Ukraine-Konflikt h\u00e4tten.<\/p>\n<p>Washington \u00e4u\u00dferte zudem die Sorge, Europa k\u00f6nne in 20 Jahren kaum wiederzuerkennen sein. Aufgrund der &#8220;untergrabenden Politik&#8221; der EU-F\u00fchrung und anderer supranationaler Strukturen stehe der Kontinent demnach am Rande einer zivilisatorischen Krise.\u00a0In der EU wurde diese Strategie teilweise als eine Art &#8220;Scheidungspapier&#8221; zwischen den Vereinigten Staaten und Europa interpretiert. Vor diesem Hintergrund hegt die US-Regierung Zweifel daran, dass einige europ\u00e4ische Staaten k\u00fcnftig \u00fcber ausreichendes wirtschaftliches und milit\u00e4risches Potenzial verf\u00fcgen werden, um verl\u00e4ssliche Verb\u00fcndete der USA zu bleiben.<\/p>\n<p>Wie US-Au\u00dfenminister Marco Rubio erkl\u00e4rte, r\u00fchrten die Differenzen zwischen Washington und den EU-Staaten aus der Sorge um deren Zukunft. Er kritisierte unter anderem die Situation rund um die Massenmigration im Westen.\u00a0Trump selbst hat die EU in der Vergangenheit wiederholt scharf kritisiert. Er erkl\u00e4rte mehrfach, die Europ\u00e4ische Union sei geschaffen worden, um die Vereinigten Staaten &#8220;auszunutzen&#8221;, und habe lange von dieser Situation profitiert. Zudem warf er den europ\u00e4ischen Staaten steigende Staatsausgaben und eine &#8220;endlose Importpolitik&#8221; vor.<\/p>\n<p>Dar\u00fcber hinaus beschuldigte er Br\u00fcssel, amerikanische Technologiekonzerne wie Google und Apple zu diskriminieren, nachdem gegen sie milliardenschwere Strafen wegen Verst\u00f6\u00dfen gegen EU-Recht verh\u00e4ngt worden waren. Der US-Pr\u00e4sident drohte der EU au\u00dferdem wiederholt mit Z\u00f6llen und sprach sich daf\u00fcr aus, die Kontrolle \u00fcber Gr\u00f6nland zu \u00fcbernehmen.<\/p>\n<p>Unterdessen forderte der slowakische Ministerpr\u00e4sident Robert Fico, Kallas an der Spitze der europ\u00e4ischen Diplomatie zu ersetzen. Seiner Ansicht nach muss auf diesem Posten ein Politiker mit gr\u00f6\u00dferem internationalen Gewicht stehen. Laut Medienberichten gibt es zudem Spannungen innerhalb der EU-F\u00fchrung. So berichtete <em>Politico<\/em> \u00fcber eine m\u00f6gliche Abl\u00f6sung der Pr\u00e4sidentin der Europ\u00e4ischen Kommission, Ursula von der Leyen, im Zusammenhang mit einem Konflikt zwischen der Kommission und dem Europ\u00e4ischen Parlament.<\/p>\n<p><strong>Mehr zum Thema \u2013<\/strong>\u00a0<a rel=\"nofollow noopener\" target=\"_blank\" href=\"https:\/\/freedert.online\/meinung\/269753-krieg-als-haltung-warum-europas\/\">Krieg als Haltung: Warum Europas Eliten keinen Frieden kennen<\/a><strong><br \/><\/strong><\/p>\n<div class=\"EmbedBlock-root EmbedBlock-externalVideo EmbedBlock-rumble\">\n<div class=\"VkEmbed\"><iframe class=\"lazyload\" data-src=\"https:\/\/rumble.com\/embed\/v73x9tw\" frameborder=\"0\" width=\"853\" height=\"480\" allowfullscreen><\/iframe><\/div>\n<\/div>\n<\/div>\n<p><br \/>\n<br \/><a href=\"https:\/\/de.rt.com\/international\/273158-kallas-usa-wollen-europa-spalten\/\">Source link <\/a><\/p>\n","protected":false},"excerpt":{"rendered":"<p>Die EU-Au\u00dfenbeauftragte Kaja Kallas wirft den USA vor, gezielt die Einheit Europas untergraben zu wollen. Washington setze auf eine Spaltungspolitik, weil einzelne EU-Staaten leichter beeinflussbar seien. Zugleich r\u00e4umt sie &#8220;sehr komplizierte&#8221; Beziehungen zu den USA ein. Die EU-Au\u00dfenbeauftragte Kaja Kallas warf den Vereinigten Staaten vor, die Einheit Europas bewusst schw\u00e4chen zu wollen. In einem Interview [&hellip;]<\/p>\n","protected":false},"author":3,"featured_media":100189,"comment_status":"open","ping_status":"open","sticky":false,"template":"","format":"standard","meta":{"_yoast_indexnow_last_ping":["1773399420"],"wp_automatic_camp":["217"],"9b2ca83444c9ae7561ee90241947a4e6":["Kallas: USA wollen Europa spalten"],"original_link":["https:\/\/de.rt.com\/international\/273158-kallas-usa-wollen-europa-spalten\/"],"_thumbnail_id":["100189"],"jnews_social_counter_last_update":["1777600379"],"_wptgpro_p2tg_sent2tg":["a:1:{i:23737;s:19:\"2026-03-13 12:58:00\";}"]},"categories":[19,23],"tags":[1370,28060,16701,193,1050],"yoast_head":"<!-- This site is optimized with the Yoast SEO Premium plugin v22.7 (Yoast SEO v22.7) - https:\/\/yoast.com\/wordpress\/plugins\/seo\/ -->\n<title>Kallas: USA wollen Europa spalten - just-now.NEWS Deutschland<\/title>\n<meta name=\"robots\" content=\"index, follow, max-snippet:-1, max-image-preview:large, max-video-preview:-1\" \/>\n<link rel=\"canonical\" href=\"https:\/\/now-news.de\/de\/deutschland\/kallas-usa-wollen-europa-spalten\/\" \/>\n<meta property=\"og:locale\" content=\"de_DE\" \/>\n<meta property=\"og:type\" content=\"article\" \/>\n<meta property=\"og:title\" content=\"Kallas: USA wollen Europa spalten\" \/>\n<meta property=\"og:description\" content=\"Die EU-Au\u00dfenbeauftragte Kaja Kallas wirft den USA vor, gezielt die Einheit Europas untergraben zu wollen. Washington setze auf eine Spaltungspolitik, weil einzelne EU-Staaten leichter beeinflussbar seien. Zugleich r\u00e4umt sie &#8220;sehr komplizierte&#8221; Beziehungen zu den USA ein. Die EU-Au\u00dfenbeauftragte Kaja Kallas warf den Vereinigten Staaten vor, die Einheit Europas bewusst schw\u00e4chen zu wollen. In einem Interview [&hellip;]\" \/>\n<meta property=\"og:url\" content=\"https:\/\/now-news.de\/de\/deutschland\/kallas-usa-wollen-europa-spalten\/\" \/>\n<meta property=\"og:site_name\" content=\"just-now.NEWS Deutschland\" \/>\n<meta property=\"article:publisher\" content=\"https:\/\/www.facebook.com\/wirmachenauf\" \/>\n<meta property=\"article:published_time\" content=\"2026-03-13T10:47:33+00:00\" \/>\n<meta property=\"og:image\" content=\"https:\/\/now-news.de\/de\/wp-content\/uploads\/sites\/3\/2026\/03\/69b3c51948fbef46c26d1320.jpg\" \/>\n<meta name=\"author\" content=\"rtnews\" \/>\n<meta name=\"twitter:card\" content=\"summary_large_image\" \/>\n<meta name=\"twitter:creator\" content=\"@WirMachenAuf_de\" \/>\n<meta name=\"twitter:site\" content=\"@WirMachenAuf_de\" \/>\n<meta name=\"twitter:label1\" content=\"Verfasst von\" \/>\n\t<meta name=\"twitter:data1\" content=\"rtnews\" \/>\n\t<meta name=\"twitter:label2\" content=\"Gesch\u00e4tzte Lesezeit\" \/>\n\t<meta name=\"twitter:data2\" content=\"4\u00a0Minuten\" \/>\n<script type=\"application\/ld+json\" class=\"yoast-schema-graph\">{\"@context\":\"https:\/\/schema.org\",\"@graph\":[{\"@type\":\"Article\",\"@id\":\"https:\/\/now-news.de\/de\/deutschland\/kallas-usa-wollen-europa-spalten\/#article\",\"isPartOf\":{\"@id\":\"https:\/\/now-news.de\/de\/deutschland\/kallas-usa-wollen-europa-spalten\/\"},\"author\":{\"name\":\"rtnews\",\"@id\":\"https:\/\/now-news.de\/de\/#\/schema\/person\/fb534a4e865501d8b3285208df34a9b5\"},\"headline\":\"Kallas: USA wollen Europa spalten\",\"datePublished\":\"2026-03-13T10:47:33+00:00\",\"dateModified\":\"2026-03-13T10:47:33+00:00\",\"mainEntityOfPage\":{\"@id\":\"https:\/\/now-news.de\/de\/deutschland\/kallas-usa-wollen-europa-spalten\/\"},\"wordCount\":772,\"commentCount\":0,\"publisher\":{\"@id\":\"https:\/\/now-news.de\/de\/#organization\"},\"image\":{\"@id\":\"https:\/\/now-news.de\/de\/deutschland\/kallas-usa-wollen-europa-spalten\/#primaryimage\"},\"thumbnailUrl\":\"https:\/\/now-news.de\/de\/wp-content\/uploads\/sites\/3\/2026\/03\/Kallas-USA-wollen-Europa-spalten.jpg\",\"keywords\":[\"Europa\",\"Kallas\",\"spalten\",\"USA\",\"wollen\"],\"articleSection\":[\"Deutschland\",\"Russland\"],\"inLanguage\":\"de\",\"potentialAction\":[{\"@type\":\"CommentAction\",\"name\":\"Comment\",\"target\":[\"https:\/\/now-news.de\/de\/deutschland\/kallas-usa-wollen-europa-spalten\/#respond\"]}]},{\"@type\":\"WebPage\",\"@id\":\"https:\/\/now-news.de\/de\/deutschland\/kallas-usa-wollen-europa-spalten\/\",\"url\":\"https:\/\/now-news.de\/de\/deutschland\/kallas-usa-wollen-europa-spalten\/\",\"name\":\"Kallas: USA wollen Europa spalten - just-now.NEWS Deutschland\",\"isPartOf\":{\"@id\":\"https:\/\/now-news.de\/de\/#website\"},\"primaryImageOfPage\":{\"@id\":\"https:\/\/now-news.de\/de\/deutschland\/kallas-usa-wollen-europa-spalten\/#primaryimage\"},\"image\":{\"@id\":\"https:\/\/now-news.de\/de\/deutschland\/kallas-usa-wollen-europa-spalten\/#primaryimage\"},\"thumbnailUrl\":\"https:\/\/now-news.de\/de\/wp-content\/uploads\/sites\/3\/2026\/03\/Kallas-USA-wollen-Europa-spalten.jpg\",\"datePublished\":\"2026-03-13T10:47:33+00:00\",\"dateModified\":\"2026-03-13T10:47:33+00:00\",\"breadcrumb\":{\"@id\":\"https:\/\/now-news.de\/de\/deutschland\/kallas-usa-wollen-europa-spalten\/#breadcrumb\"},\"inLanguage\":\"de\",\"potentialAction\":[{\"@type\":\"ReadAction\",\"target\":[\"https:\/\/now-news.de\/de\/deutschland\/kallas-usa-wollen-europa-spalten\/\"]}]},{\"@type\":\"ImageObject\",\"inLanguage\":\"de\",\"@id\":\"https:\/\/now-news.de\/de\/deutschland\/kallas-usa-wollen-europa-spalten\/#primaryimage\",\"url\":\"https:\/\/now-news.de\/de\/wp-content\/uploads\/sites\/3\/2026\/03\/Kallas-USA-wollen-Europa-spalten.jpg\",\"contentUrl\":\"https:\/\/now-news.de\/de\/wp-content\/uploads\/sites\/3\/2026\/03\/Kallas-USA-wollen-Europa-spalten.jpg\",\"width\":460,\"height\":259,\"caption\":\"Kallas: USA wollen Europa spalten\"},{\"@type\":\"BreadcrumbList\",\"@id\":\"https:\/\/now-news.de\/de\/deutschland\/kallas-usa-wollen-europa-spalten\/#breadcrumb\",\"itemListElement\":[{\"@type\":\"ListItem\",\"position\":1,\"name\":\"Home\",\"item\":\"https:\/\/now-news.de\/de\/\"},{\"@type\":\"ListItem\",\"position\":2,\"name\":\"Kallas: USA wollen Europa spalten\"}]},{\"@type\":\"WebSite\",\"@id\":\"https:\/\/now-news.de\/de\/#website\",\"url\":\"https:\/\/now-news.de\/de\/\",\"name\":\"just-now.NEWS Deutschland\",\"description\":\"Das Portal f\u00fcr unzensierte Nachrichten aus der Welt\",\"publisher\":{\"@id\":\"https:\/\/now-news.de\/de\/#organization\"},\"potentialAction\":[{\"@type\":\"SearchAction\",\"target\":{\"@type\":\"EntryPoint\",\"urlTemplate\":\"https:\/\/now-news.de\/de\/?s={search_term_string}\"},\"query-input\":\"required name=search_term_string\"}],\"inLanguage\":\"de\"},{\"@type\":\"Organization\",\"@id\":\"https:\/\/now-news.de\/de\/#organization\",\"name\":\"Just Now News\",\"url\":\"https:\/\/now-news.de\/de\/\",\"logo\":{\"@type\":\"ImageObject\",\"inLanguage\":\"de\",\"@id\":\"https:\/\/now-news.de\/de\/#\/schema\/logo\/image\/\",\"url\":\"http:\/\/just-now.news\/de\/wp-content\/uploads\/sites\/3\/2022\/04\/logo500x500.jpg\",\"contentUrl\":\"http:\/\/just-now.news\/de\/wp-content\/uploads\/sites\/3\/2022\/04\/logo500x500.jpg\",\"width\":500,\"height\":500,\"caption\":\"Just Now News\"},\"image\":{\"@id\":\"https:\/\/now-news.de\/de\/#\/schema\/logo\/image\/\"},\"sameAs\":[\"https:\/\/www.facebook.com\/wirmachenauf\",\"https:\/\/x.com\/WirMachenAuf_de\"]},{\"@type\":\"Person\",\"@id\":\"https:\/\/now-news.de\/de\/#\/schema\/person\/fb534a4e865501d8b3285208df34a9b5\",\"name\":\"rtnews\",\"image\":{\"@type\":\"ImageObject\",\"inLanguage\":\"de\",\"@id\":\"https:\/\/now-news.de\/de\/#\/schema\/person\/image\/\",\"url\":\"https:\/\/secure.gravatar.com\/avatar\/82aafea7d8127119dd649515f56e2117?s=96&d=mm&r=g\",\"contentUrl\":\"https:\/\/secure.gravatar.com\/avatar\/82aafea7d8127119dd649515f56e2117?s=96&d=mm&r=g\",\"caption\":\"rtnews\"},\"url\":\"https:\/\/now-news.de\/de\/author\/rnews\/\"}]}<\/script>\n<!-- \/ Yoast SEO Premium plugin. -->","yoast_head_json":{"title":"Kallas: USA wollen Europa spalten - just-now.NEWS Deutschland","robots":{"index":"index","follow":"follow","max-snippet":"max-snippet:-1","max-image-preview":"max-image-preview:large","max-video-preview":"max-video-preview:-1"},"canonical":"https:\/\/now-news.de\/de\/deutschland\/kallas-usa-wollen-europa-spalten\/","og_locale":"de_DE","og_type":"article","og_title":"Kallas: USA wollen Europa spalten","og_description":"Die EU-Au\u00dfenbeauftragte Kaja Kallas wirft den USA vor, gezielt die Einheit Europas untergraben zu wollen. Washington setze auf eine Spaltungspolitik, weil einzelne EU-Staaten leichter beeinflussbar seien. Zugleich r\u00e4umt sie &#8220;sehr komplizierte&#8221; Beziehungen zu den USA ein. Die EU-Au\u00dfenbeauftragte Kaja Kallas warf den Vereinigten Staaten vor, die Einheit Europas bewusst schw\u00e4chen zu wollen. In einem Interview [&hellip;]","og_url":"https:\/\/now-news.de\/de\/deutschland\/kallas-usa-wollen-europa-spalten\/","og_site_name":"just-now.NEWS Deutschland","article_publisher":"https:\/\/www.facebook.com\/wirmachenauf","article_published_time":"2026-03-13T10:47:33+00:00","og_image":[{"url":"https:\/\/now-news.de\/de\/wp-content\/uploads\/sites\/3\/2026\/03\/69b3c51948fbef46c26d1320.jpg"}],"author":"rtnews","twitter_card":"summary_large_image","twitter_creator":"@WirMachenAuf_de","twitter_site":"@WirMachenAuf_de","twitter_misc":{"Verfasst von":"rtnews","Gesch\u00e4tzte Lesezeit":"4\u00a0Minuten"},"schema":{"@context":"https:\/\/schema.org","@graph":[{"@type":"Article","@id":"https:\/\/now-news.de\/de\/deutschland\/kallas-usa-wollen-europa-spalten\/#article","isPartOf":{"@id":"https:\/\/now-news.de\/de\/deutschland\/kallas-usa-wollen-europa-spalten\/"},"author":{"name":"rtnews","@id":"https:\/\/now-news.de\/de\/#\/schema\/person\/fb534a4e865501d8b3285208df34a9b5"},"headline":"Kallas: USA wollen Europa spalten","datePublished":"2026-03-13T10:47:33+00:00","dateModified":"2026-03-13T10:47:33+00:00","mainEntityOfPage":{"@id":"https:\/\/now-news.de\/de\/deutschland\/kallas-usa-wollen-europa-spalten\/"},"wordCount":772,"commentCount":0,"publisher":{"@id":"https:\/\/now-news.de\/de\/#organization"},"image":{"@id":"https:\/\/now-news.de\/de\/deutschland\/kallas-usa-wollen-europa-spalten\/#primaryimage"},"thumbnailUrl":"https:\/\/now-news.de\/de\/wp-content\/uploads\/sites\/3\/2026\/03\/Kallas-USA-wollen-Europa-spalten.jpg","keywords":["Europa","Kallas","spalten","USA","wollen"],"articleSection":["Deutschland","Russland"],"inLanguage":"de","potentialAction":[{"@type":"CommentAction","name":"Comment","target":["https:\/\/now-news.de\/de\/deutschland\/kallas-usa-wollen-europa-spalten\/#respond"]}]},{"@type":"WebPage","@id":"https:\/\/now-news.de\/de\/deutschland\/kallas-usa-wollen-europa-spalten\/","url":"https:\/\/now-news.de\/de\/deutschland\/kallas-usa-wollen-europa-spalten\/","name":"Kallas: USA wollen Europa spalten - just-now.NEWS Deutschland","isPartOf":{"@id":"https:\/\/now-news.de\/de\/#website"},"primaryImageOfPage":{"@id":"https:\/\/now-news.de\/de\/deutschland\/kallas-usa-wollen-europa-spalten\/#primaryimage"},"image":{"@id":"https:\/\/now-news.de\/de\/deutschland\/kallas-usa-wollen-europa-spalten\/#primaryimage"},"thumbnailUrl":"https:\/\/now-news.de\/de\/wp-content\/uploads\/sites\/3\/2026\/03\/Kallas-USA-wollen-Europa-spalten.jpg","datePublished":"2026-03-13T10:47:33+00:00","dateModified":"2026-03-13T10:47:33+00:00","breadcrumb":{"@id":"https:\/\/now-news.de\/de\/deutschland\/kallas-usa-wollen-europa-spalten\/#breadcrumb"},"inLanguage":"de","potentialAction":[{"@type":"ReadAction","target":["https:\/\/now-news.de\/de\/deutschland\/kallas-usa-wollen-europa-spalten\/"]}]},{"@type":"ImageObject","inLanguage":"de","@id":"https:\/\/now-news.de\/de\/deutschland\/kallas-usa-wollen-europa-spalten\/#primaryimage","url":"https:\/\/now-news.de\/de\/wp-content\/uploads\/sites\/3\/2026\/03\/Kallas-USA-wollen-Europa-spalten.jpg","contentUrl":"https:\/\/now-news.de\/de\/wp-content\/uploads\/sites\/3\/2026\/03\/Kallas-USA-wollen-Europa-spalten.jpg","width":460,"height":259,"caption":"Kallas: USA wollen Europa spalten"},{"@type":"BreadcrumbList","@id":"https:\/\/now-news.de\/de\/deutschland\/kallas-usa-wollen-europa-spalten\/#breadcrumb","itemListElement":[{"@type":"ListItem","position":1,"name":"Home","item":"https:\/\/now-news.de\/de\/"},{"@type":"ListItem","position":2,"name":"Kallas: USA wollen Europa spalten"}]},{"@type":"WebSite","@id":"https:\/\/now-news.de\/de\/#website","url":"https:\/\/now-news.de\/de\/","name":"just-now.NEWS Deutschland","description":"Das Portal f\u00fcr unzensierte Nachrichten aus der Welt","publisher":{"@id":"https:\/\/now-news.de\/de\/#organization"},"potentialAction":[{"@type":"SearchAction","target":{"@type":"EntryPoint","urlTemplate":"https:\/\/now-news.de\/de\/?s={search_term_string}"},"query-input":"required name=search_term_string"}],"inLanguage":"de"},{"@type":"Organization","@id":"https:\/\/now-news.de\/de\/#organization","name":"Just Now News","url":"https:\/\/now-news.de\/de\/","logo":{"@type":"ImageObject","inLanguage":"de","@id":"https:\/\/now-news.de\/de\/#\/schema\/logo\/image\/","url":"http:\/\/just-now.news\/de\/wp-content\/uploads\/sites\/3\/2022\/04\/logo500x500.jpg","contentUrl":"http:\/\/just-now.news\/de\/wp-content\/uploads\/sites\/3\/2022\/04\/logo500x500.jpg","width":500,"height":500,"caption":"Just Now News"},"image":{"@id":"https:\/\/now-news.de\/de\/#\/schema\/logo\/image\/"},"sameAs":["https:\/\/www.facebook.com\/wirmachenauf","https:\/\/x.com\/WirMachenAuf_de"]},{"@type":"Person","@id":"https:\/\/now-news.de\/de\/#\/schema\/person\/fb534a4e865501d8b3285208df34a9b5","name":"rtnews","image":{"@type":"ImageObject","inLanguage":"de","@id":"https:\/\/now-news.de\/de\/#\/schema\/person\/image\/","url":"https:\/\/secure.gravatar.com\/avatar\/82aafea7d8127119dd649515f56e2117?s=96&d=mm&r=g","contentUrl":"https:\/\/secure.gravatar.com\/avatar\/82aafea7d8127119dd649515f56e2117?s=96&d=mm&r=g","caption":"rtnews"},"url":"https:\/\/now-news.de\/de\/author\/rnews\/"}]}},"_links":{"self":[{"href":"https:\/\/now-news.de\/de\/wp-json\/wp\/v2\/posts\/100188"}],"collection":[{"href":"https:\/\/now-news.de\/de\/wp-json\/wp\/v2\/posts"}],"about":[{"href":"https:\/\/now-news.de\/de\/wp-json\/wp\/v2\/types\/post"}],"author":[{"embeddable":true,"href":"https:\/\/now-news.de\/de\/wp-json\/wp\/v2\/users\/3"}],"replies":[{"embeddable":true,"href":"https:\/\/now-news.de\/de\/wp-json\/wp\/v2\/comments?post=100188"}],"version-history":[{"count":0,"href":"https:\/\/now-news.de\/de\/wp-json\/wp\/v2\/posts\/100188\/revisions"}],"wp:featuredmedia":[{"embeddable":true,"href":"https:\/\/now-news.de\/de\/wp-json\/wp\/v2\/media\/100189"}],"wp:attachment":[{"href":"https:\/\/now-news.de\/de\/wp-json\/wp\/v2\/media?parent=100188"}],"wp:term":[{"taxonomy":"category","embeddable":true,"href":"https:\/\/now-news.de\/de\/wp-json\/wp\/v2\/categories?post=100188"},{"taxonomy":"post_tag","embeddable":true,"href":"https:\/\/now-news.de\/de\/wp-json\/wp\/v2\/tags?post=100188"}],"curies":[{"name":"wp","href":"https:\/\/api.w.org\/{rel}","templated":true}]}}