{"id":100168,"date":"2026-03-12T22:08:24","date_gmt":"2026-03-12T20:08:24","guid":{"rendered":"https:\/\/now-news.de\/de\/deutschland\/iran-oberster-fuehrer-chamenei-verspricht-rache-fuer-kriegsopfer\/"},"modified":"2026-03-12T22:08:24","modified_gmt":"2026-03-12T20:08:24","slug":"iran-oberster-fuehrer-chamenei-verspricht-rache-fuer-kriegsopfer","status":"publish","type":"post","link":"https:\/\/now-news.de\/de\/deutschland\/iran-oberster-fuehrer-chamenei-verspricht-rache-fuer-kriegsopfer\/","title":{"rendered":"Iran: Oberster F\u00fchrer Chamenei verspricht Rache f\u00fcr Kriegsopfer"},"content":{"rendered":"<p><img decoding=\"async\" src=\"https:\/\/now-news.de\/de\/wp-content\/uploads\/sites\/3\/2026\/03\/69b2e41eb480cc779b38f543.jpg\" \/><\/p>\n<div class=\"Text-root Text-type_1 \">\n                In seiner ersten Botschaft seit der Ernennung zum Obersten F\u00fchrer Irans hat Modschtaba Chamenei zur Rache f\u00fcr die Opfer der US-amerikanisch-israelischen Angriffe aufgefordert. Die Stra\u00dfe von Hormus bleibt blockiert, die Verteidigung des Landes wird fortgesetzt.\n            <\/div>\n<p><\/p>\n<div class=\"Text-root Text-type_5 ArticleView-text ViewText-root \">\n<p>Iran wird seine B\u00fcrger r\u00e4chen, die bei den US-amerikanisch-israelischen Angriffen ums Leben gekommen sind. Dies erkl\u00e4rte Modschtaba Chamenei, der neue Oberste F\u00fchrer der Islamischen Republik, in seiner ersten Botschaft. Seit der Ernennung zum Amt des Staatschefs tritt der 56-j\u00e4hrige Chamenei nicht \u00f6ffentlich auf, seine Botschaft wird von iranischen Medien verbreitet.<\/p>\n<p>Teheran werde nicht davor zur\u00fcckschrecken, &#8220;das Blut der M\u00e4rtyrer&#8221; zu r\u00e4chen, f\u00fchrte Chamenei aus. Dabei bezog er sich auf den Tod seines Vaters Ali Chamenei, dar\u00fcber hinaus jedoch auf jedes Mitglied der Nation, das vom Gegner ermordet wurde. Insbesondere betreffe dies den Angriff auf die M\u00e4dchenschule in Minab. Bei der Attacke kamen nach Angaben iranischer Medien mehr als 170 Sch\u00fclerinnen\u00a0sowie Lehrer ums Leben. Solange die Rache nicht vollzogen sei, bleibe sie die h\u00f6chste Priorit\u00e4t, betonte Chamenei. Au\u00dfer seinem Vater habe Chamenei im Laufe des Krieges seine Ehefrau, seine Schwester, deren Kleinkind und den Schwager seiner anderen Schwester verloren, hie\u00df es aus der Botschaft weiter.<\/p>\n<p>Eine Entsch\u00e4digung f\u00fcr die Angriffe werde Iran jedenfalls bekommen. Sollte der Gegner sich weigern, werde Iran so viel von seinem Eigentum nehmen oder zerst\u00f6ren wie notwendig.<\/p>\n<p>Des Weiteren bedankte sich der Oberste F\u00fchrer bei den Soldaten, die &#8220;dem Gegner durch die vernichtenden Schl\u00e4ge den Weg versperrten und ihn der Illusion beraubten, unser geliebtes Vaterland beherrschen und wom\u00f6glich spalten zu k\u00f6nnen&#8221;. Der Wille des Volkes sei die Fortsetzung der Verteidigung. Die Stra\u00dfe von Hormus sollte weiterhin blockiert werden \u2013 als Druckmittel.<\/p>\n<p>Hauptziel Irans seien US-Milit\u00e4rbasen, so Chamenei. Zugleich m\u00f6chte Iran die Beziehungen zu den benachbarten L\u00e4ndern wieder verbessern. Sie sollten die durch das US-Milit\u00e4r genutzten St\u00fctzpunkte schlie\u00dfen. Teheran habe bereits eine Liste zus\u00e4tzlicher Ma\u00dfnahmen\u00a0und anderer Frontlinien ausgearbeitet. Diese Pl\u00e4ne w\u00fcrden falls erforderlich und mit Blick auf die Kriegslage realisiert. Zudem lobte Chamenei die Angriffe der libanesischen Hisbollah auf Israel und w\u00fcrdigte die Attacken von mit Iran verb\u00fcndeten Gruppen aus dem Jemen und dem Irak.<\/p>\n<p><strong>Mehr zum Thema<\/strong> \u2013 <a rel=\"nofollow noopener\" target=\"_blank\" href=\"https:\/\/freedert.online\/meinung\/272585-tor-zur-hoelle-wie-krieg\/\">Ein Tor zur H\u00f6lle: Wie der Krieg gegen Iran dem Westen schaden wird<\/a><\/p>\n<div class=\"EmbedBlock-root EmbedBlock-externalVideo EmbedBlock-rumble\">\n<div class=\"VkEmbed\"><iframe class=\"lazyload\" data-src=\"https:\/\/rumble.com\/embed\/v74qecg\" frameborder=\"0\" width=\"853\" height=\"480\" allowfullscreen><\/iframe><\/div>\n<\/div>\n<\/div>\n<p><br \/>\n<br \/><a href=\"https:\/\/de.rt.com\/international\/273102-iran-oberster-fuehrer-chamenei-verspricht-rache-fuer-kriegsopfer\/\">Source link <\/a><\/p>\n","protected":false},"excerpt":{"rendered":"<p>In seiner ersten Botschaft seit der Ernennung zum Obersten F\u00fchrer Irans hat Modschtaba Chamenei zur Rache f\u00fcr die Opfer der US-amerikanisch-israelischen Angriffe aufgefordert. Die Stra\u00dfe von Hormus bleibt blockiert, die Verteidigung des Landes wird fortgesetzt. Iran wird seine B\u00fcrger r\u00e4chen, die bei den US-amerikanisch-israelischen Angriffen ums Leben gekommen sind. Dies erkl\u00e4rte Modschtaba Chamenei, der neue [&hellip;]<\/p>\n","protected":false},"author":3,"featured_media":100169,"comment_status":"open","ping_status":"open","sticky":false,"template":"","format":"standard","meta":{"_yoast_indexnow_last_ping":["1773346439"],"wp_automatic_camp":["217"],"094eaecea680bc617583d6e75143e980":["Iran: Oberster F\u00fchrer Chamenei verspricht Rache f\u00fcr Kriegsopfer"],"original_link":["https:\/\/de.rt.com\/international\/273102-iran-oberster-fuehrer-chamenei-verspricht-rache-fuer-kriegsopfer\/"],"_thumbnail_id":["100169"],"jnews_social_counter_last_update":["1777524104"],"_wptgpro_p2tg_sent2tg":["a:1:{i:23737;s:19:\"2026-03-12 22:15:00\";}"]},"categories":[19,23],"tags":[28558,4532,221,1786,71737,17273,27409,958],"yoast_head":"<!-- This site is optimized with the Yoast SEO Premium plugin v22.7 (Yoast SEO v22.7) - https:\/\/yoast.com\/wordpress\/plugins\/seo\/ -->\n<title>Iran: Oberster F\u00fchrer Chamenei verspricht Rache f\u00fcr Kriegsopfer - just-now.NEWS Deutschland<\/title>\n<meta name=\"robots\" content=\"index, follow, max-snippet:-1, max-image-preview:large, max-video-preview:-1\" \/>\n<link rel=\"canonical\" href=\"https:\/\/now-news.de\/de\/deutschland\/iran-oberster-fuehrer-chamenei-verspricht-rache-fuer-kriegsopfer\/\" \/>\n<meta property=\"og:locale\" content=\"de_DE\" \/>\n<meta property=\"og:type\" content=\"article\" \/>\n<meta property=\"og:title\" content=\"Iran: Oberster F\u00fchrer Chamenei verspricht Rache f\u00fcr Kriegsopfer\" \/>\n<meta property=\"og:description\" content=\"In seiner ersten Botschaft seit der Ernennung zum Obersten F\u00fchrer Irans hat Modschtaba Chamenei zur Rache f\u00fcr die Opfer der US-amerikanisch-israelischen Angriffe aufgefordert. Die Stra\u00dfe von Hormus bleibt blockiert, die Verteidigung des Landes wird fortgesetzt. Iran wird seine B\u00fcrger r\u00e4chen, die bei den US-amerikanisch-israelischen Angriffen ums Leben gekommen sind. Dies erkl\u00e4rte Modschtaba Chamenei, der neue [&hellip;]\" \/>\n<meta property=\"og:url\" content=\"https:\/\/now-news.de\/de\/deutschland\/iran-oberster-fuehrer-chamenei-verspricht-rache-fuer-kriegsopfer\/\" \/>\n<meta property=\"og:site_name\" content=\"just-now.NEWS Deutschland\" \/>\n<meta property=\"article:publisher\" content=\"https:\/\/www.facebook.com\/wirmachenauf\" \/>\n<meta property=\"article:published_time\" content=\"2026-03-12T20:08:24+00:00\" \/>\n<meta property=\"og:image\" content=\"https:\/\/now-news.de\/de\/wp-content\/uploads\/sites\/3\/2026\/03\/69b2e41eb480cc779b38f543.jpg\" \/>\n<meta name=\"author\" content=\"rtnews\" \/>\n<meta name=\"twitter:card\" content=\"summary_large_image\" \/>\n<meta name=\"twitter:creator\" content=\"@WirMachenAuf_de\" \/>\n<meta name=\"twitter:site\" content=\"@WirMachenAuf_de\" \/>\n<meta name=\"twitter:label1\" content=\"Verfasst von\" \/>\n\t<meta name=\"twitter:data1\" content=\"rtnews\" \/>\n\t<meta name=\"twitter:label2\" content=\"Gesch\u00e4tzte Lesezeit\" \/>\n\t<meta name=\"twitter:data2\" content=\"2\u00a0Minuten\" \/>\n<script type=\"application\/ld+json\" class=\"yoast-schema-graph\">{\"@context\":\"https:\/\/schema.org\",\"@graph\":[{\"@type\":\"Article\",\"@id\":\"https:\/\/now-news.de\/de\/deutschland\/iran-oberster-fuehrer-chamenei-verspricht-rache-fuer-kriegsopfer\/#article\",\"isPartOf\":{\"@id\":\"https:\/\/now-news.de\/de\/deutschland\/iran-oberster-fuehrer-chamenei-verspricht-rache-fuer-kriegsopfer\/\"},\"author\":{\"name\":\"rtnews\",\"@id\":\"https:\/\/now-news.de\/de\/#\/schema\/person\/fb534a4e865501d8b3285208df34a9b5\"},\"headline\":\"Iran: Oberster F\u00fchrer Chamenei verspricht Rache f\u00fcr Kriegsopfer\",\"datePublished\":\"2026-03-12T20:08:24+00:00\",\"dateModified\":\"2026-03-12T20:08:24+00:00\",\"mainEntityOfPage\":{\"@id\":\"https:\/\/now-news.de\/de\/deutschland\/iran-oberster-fuehrer-chamenei-verspricht-rache-fuer-kriegsopfer\/\"},\"wordCount\":410,\"commentCount\":0,\"publisher\":{\"@id\":\"https:\/\/now-news.de\/de\/#organization\"},\"image\":{\"@id\":\"https:\/\/now-news.de\/de\/deutschland\/iran-oberster-fuehrer-chamenei-verspricht-rache-fuer-kriegsopfer\/#primaryimage\"},\"thumbnailUrl\":\"https:\/\/now-news.de\/de\/wp-content\/uploads\/sites\/3\/2026\/03\/Iran-Oberster-Fuehrer-Chamenei-verspricht-Rache-fuer-Kriegsopfer.jpg\",\"keywords\":[\"Chamenei\",\"F\u00fchrer\",\"f\u00fcr\",\"Iran\",\"Kriegsopfer\",\"Oberster\",\"RACHE\",\"verspricht\"],\"articleSection\":[\"Deutschland\",\"Russland\"],\"inLanguage\":\"de\",\"potentialAction\":[{\"@type\":\"CommentAction\",\"name\":\"Comment\",\"target\":[\"https:\/\/now-news.de\/de\/deutschland\/iran-oberster-fuehrer-chamenei-verspricht-rache-fuer-kriegsopfer\/#respond\"]}]},{\"@type\":\"WebPage\",\"@id\":\"https:\/\/now-news.de\/de\/deutschland\/iran-oberster-fuehrer-chamenei-verspricht-rache-fuer-kriegsopfer\/\",\"url\":\"https:\/\/now-news.de\/de\/deutschland\/iran-oberster-fuehrer-chamenei-verspricht-rache-fuer-kriegsopfer\/\",\"name\":\"Iran: Oberster F\u00fchrer Chamenei verspricht Rache f\u00fcr Kriegsopfer - just-now.NEWS Deutschland\",\"isPartOf\":{\"@id\":\"https:\/\/now-news.de\/de\/#website\"},\"primaryImageOfPage\":{\"@id\":\"https:\/\/now-news.de\/de\/deutschland\/iran-oberster-fuehrer-chamenei-verspricht-rache-fuer-kriegsopfer\/#primaryimage\"},\"image\":{\"@id\":\"https:\/\/now-news.de\/de\/deutschland\/iran-oberster-fuehrer-chamenei-verspricht-rache-fuer-kriegsopfer\/#primaryimage\"},\"thumbnailUrl\":\"https:\/\/now-news.de\/de\/wp-content\/uploads\/sites\/3\/2026\/03\/Iran-Oberster-Fuehrer-Chamenei-verspricht-Rache-fuer-Kriegsopfer.jpg\",\"datePublished\":\"2026-03-12T20:08:24+00:00\",\"dateModified\":\"2026-03-12T20:08:24+00:00\",\"breadcrumb\":{\"@id\":\"https:\/\/now-news.de\/de\/deutschland\/iran-oberster-fuehrer-chamenei-verspricht-rache-fuer-kriegsopfer\/#breadcrumb\"},\"inLanguage\":\"de\",\"potentialAction\":[{\"@type\":\"ReadAction\",\"target\":[\"https:\/\/now-news.de\/de\/deutschland\/iran-oberster-fuehrer-chamenei-verspricht-rache-fuer-kriegsopfer\/\"]}]},{\"@type\":\"ImageObject\",\"inLanguage\":\"de\",\"@id\":\"https:\/\/now-news.de\/de\/deutschland\/iran-oberster-fuehrer-chamenei-verspricht-rache-fuer-kriegsopfer\/#primaryimage\",\"url\":\"https:\/\/now-news.de\/de\/wp-content\/uploads\/sites\/3\/2026\/03\/Iran-Oberster-Fuehrer-Chamenei-verspricht-Rache-fuer-Kriegsopfer.jpg\",\"contentUrl\":\"https:\/\/now-news.de\/de\/wp-content\/uploads\/sites\/3\/2026\/03\/Iran-Oberster-Fuehrer-Chamenei-verspricht-Rache-fuer-Kriegsopfer.jpg\",\"width\":460,\"height\":259,\"caption\":\"Iran: Oberster F\u00fchrer Chamenei verspricht Rache f\u00fcr Kriegsopfer\"},{\"@type\":\"BreadcrumbList\",\"@id\":\"https:\/\/now-news.de\/de\/deutschland\/iran-oberster-fuehrer-chamenei-verspricht-rache-fuer-kriegsopfer\/#breadcrumb\",\"itemListElement\":[{\"@type\":\"ListItem\",\"position\":1,\"name\":\"Home\",\"item\":\"https:\/\/now-news.de\/de\/\"},{\"@type\":\"ListItem\",\"position\":2,\"name\":\"Iran: Oberster F\u00fchrer Chamenei verspricht Rache f\u00fcr Kriegsopfer\"}]},{\"@type\":\"WebSite\",\"@id\":\"https:\/\/now-news.de\/de\/#website\",\"url\":\"https:\/\/now-news.de\/de\/\",\"name\":\"just-now.NEWS Deutschland\",\"description\":\"Das Portal f\u00fcr unzensierte Nachrichten aus der Welt\",\"publisher\":{\"@id\":\"https:\/\/now-news.de\/de\/#organization\"},\"potentialAction\":[{\"@type\":\"SearchAction\",\"target\":{\"@type\":\"EntryPoint\",\"urlTemplate\":\"https:\/\/now-news.de\/de\/?s={search_term_string}\"},\"query-input\":\"required name=search_term_string\"}],\"inLanguage\":\"de\"},{\"@type\":\"Organization\",\"@id\":\"https:\/\/now-news.de\/de\/#organization\",\"name\":\"Just Now News\",\"url\":\"https:\/\/now-news.de\/de\/\",\"logo\":{\"@type\":\"ImageObject\",\"inLanguage\":\"de\",\"@id\":\"https:\/\/now-news.de\/de\/#\/schema\/logo\/image\/\",\"url\":\"http:\/\/just-now.news\/de\/wp-content\/uploads\/sites\/3\/2022\/04\/logo500x500.jpg\",\"contentUrl\":\"http:\/\/just-now.news\/de\/wp-content\/uploads\/sites\/3\/2022\/04\/logo500x500.jpg\",\"width\":500,\"height\":500,\"caption\":\"Just Now News\"},\"image\":{\"@id\":\"https:\/\/now-news.de\/de\/#\/schema\/logo\/image\/\"},\"sameAs\":[\"https:\/\/www.facebook.com\/wirmachenauf\",\"https:\/\/x.com\/WirMachenAuf_de\"]},{\"@type\":\"Person\",\"@id\":\"https:\/\/now-news.de\/de\/#\/schema\/person\/fb534a4e865501d8b3285208df34a9b5\",\"name\":\"rtnews\",\"image\":{\"@type\":\"ImageObject\",\"inLanguage\":\"de\",\"@id\":\"https:\/\/now-news.de\/de\/#\/schema\/person\/image\/\",\"url\":\"https:\/\/secure.gravatar.com\/avatar\/82aafea7d8127119dd649515f56e2117?s=96&d=mm&r=g\",\"contentUrl\":\"https:\/\/secure.gravatar.com\/avatar\/82aafea7d8127119dd649515f56e2117?s=96&d=mm&r=g\",\"caption\":\"rtnews\"},\"url\":\"https:\/\/now-news.de\/de\/author\/rnews\/\"}]}<\/script>\n<!-- \/ Yoast SEO Premium plugin. -->","yoast_head_json":{"title":"Iran: Oberster F\u00fchrer Chamenei verspricht Rache f\u00fcr Kriegsopfer - just-now.NEWS Deutschland","robots":{"index":"index","follow":"follow","max-snippet":"max-snippet:-1","max-image-preview":"max-image-preview:large","max-video-preview":"max-video-preview:-1"},"canonical":"https:\/\/now-news.de\/de\/deutschland\/iran-oberster-fuehrer-chamenei-verspricht-rache-fuer-kriegsopfer\/","og_locale":"de_DE","og_type":"article","og_title":"Iran: Oberster F\u00fchrer Chamenei verspricht Rache f\u00fcr Kriegsopfer","og_description":"In seiner ersten Botschaft seit der Ernennung zum Obersten F\u00fchrer Irans hat Modschtaba Chamenei zur Rache f\u00fcr die Opfer der US-amerikanisch-israelischen Angriffe aufgefordert. Die Stra\u00dfe von Hormus bleibt blockiert, die Verteidigung des Landes wird fortgesetzt. Iran wird seine B\u00fcrger r\u00e4chen, die bei den US-amerikanisch-israelischen Angriffen ums Leben gekommen sind. Dies erkl\u00e4rte Modschtaba Chamenei, der neue [&hellip;]","og_url":"https:\/\/now-news.de\/de\/deutschland\/iran-oberster-fuehrer-chamenei-verspricht-rache-fuer-kriegsopfer\/","og_site_name":"just-now.NEWS Deutschland","article_publisher":"https:\/\/www.facebook.com\/wirmachenauf","article_published_time":"2026-03-12T20:08:24+00:00","og_image":[{"url":"https:\/\/now-news.de\/de\/wp-content\/uploads\/sites\/3\/2026\/03\/69b2e41eb480cc779b38f543.jpg"}],"author":"rtnews","twitter_card":"summary_large_image","twitter_creator":"@WirMachenAuf_de","twitter_site":"@WirMachenAuf_de","twitter_misc":{"Verfasst von":"rtnews","Gesch\u00e4tzte Lesezeit":"2\u00a0Minuten"},"schema":{"@context":"https:\/\/schema.org","@graph":[{"@type":"Article","@id":"https:\/\/now-news.de\/de\/deutschland\/iran-oberster-fuehrer-chamenei-verspricht-rache-fuer-kriegsopfer\/#article","isPartOf":{"@id":"https:\/\/now-news.de\/de\/deutschland\/iran-oberster-fuehrer-chamenei-verspricht-rache-fuer-kriegsopfer\/"},"author":{"name":"rtnews","@id":"https:\/\/now-news.de\/de\/#\/schema\/person\/fb534a4e865501d8b3285208df34a9b5"},"headline":"Iran: Oberster F\u00fchrer Chamenei verspricht Rache f\u00fcr Kriegsopfer","datePublished":"2026-03-12T20:08:24+00:00","dateModified":"2026-03-12T20:08:24+00:00","mainEntityOfPage":{"@id":"https:\/\/now-news.de\/de\/deutschland\/iran-oberster-fuehrer-chamenei-verspricht-rache-fuer-kriegsopfer\/"},"wordCount":410,"commentCount":0,"publisher":{"@id":"https:\/\/now-news.de\/de\/#organization"},"image":{"@id":"https:\/\/now-news.de\/de\/deutschland\/iran-oberster-fuehrer-chamenei-verspricht-rache-fuer-kriegsopfer\/#primaryimage"},"thumbnailUrl":"https:\/\/now-news.de\/de\/wp-content\/uploads\/sites\/3\/2026\/03\/Iran-Oberster-Fuehrer-Chamenei-verspricht-Rache-fuer-Kriegsopfer.jpg","keywords":["Chamenei","F\u00fchrer","f\u00fcr","Iran","Kriegsopfer","Oberster","RACHE","verspricht"],"articleSection":["Deutschland","Russland"],"inLanguage":"de","potentialAction":[{"@type":"CommentAction","name":"Comment","target":["https:\/\/now-news.de\/de\/deutschland\/iran-oberster-fuehrer-chamenei-verspricht-rache-fuer-kriegsopfer\/#respond"]}]},{"@type":"WebPage","@id":"https:\/\/now-news.de\/de\/deutschland\/iran-oberster-fuehrer-chamenei-verspricht-rache-fuer-kriegsopfer\/","url":"https:\/\/now-news.de\/de\/deutschland\/iran-oberster-fuehrer-chamenei-verspricht-rache-fuer-kriegsopfer\/","name":"Iran: Oberster F\u00fchrer Chamenei verspricht Rache f\u00fcr Kriegsopfer - just-now.NEWS Deutschland","isPartOf":{"@id":"https:\/\/now-news.de\/de\/#website"},"primaryImageOfPage":{"@id":"https:\/\/now-news.de\/de\/deutschland\/iran-oberster-fuehrer-chamenei-verspricht-rache-fuer-kriegsopfer\/#primaryimage"},"image":{"@id":"https:\/\/now-news.de\/de\/deutschland\/iran-oberster-fuehrer-chamenei-verspricht-rache-fuer-kriegsopfer\/#primaryimage"},"thumbnailUrl":"https:\/\/now-news.de\/de\/wp-content\/uploads\/sites\/3\/2026\/03\/Iran-Oberster-Fuehrer-Chamenei-verspricht-Rache-fuer-Kriegsopfer.jpg","datePublished":"2026-03-12T20:08:24+00:00","dateModified":"2026-03-12T20:08:24+00:00","breadcrumb":{"@id":"https:\/\/now-news.de\/de\/deutschland\/iran-oberster-fuehrer-chamenei-verspricht-rache-fuer-kriegsopfer\/#breadcrumb"},"inLanguage":"de","potentialAction":[{"@type":"ReadAction","target":["https:\/\/now-news.de\/de\/deutschland\/iran-oberster-fuehrer-chamenei-verspricht-rache-fuer-kriegsopfer\/"]}]},{"@type":"ImageObject","inLanguage":"de","@id":"https:\/\/now-news.de\/de\/deutschland\/iran-oberster-fuehrer-chamenei-verspricht-rache-fuer-kriegsopfer\/#primaryimage","url":"https:\/\/now-news.de\/de\/wp-content\/uploads\/sites\/3\/2026\/03\/Iran-Oberster-Fuehrer-Chamenei-verspricht-Rache-fuer-Kriegsopfer.jpg","contentUrl":"https:\/\/now-news.de\/de\/wp-content\/uploads\/sites\/3\/2026\/03\/Iran-Oberster-Fuehrer-Chamenei-verspricht-Rache-fuer-Kriegsopfer.jpg","width":460,"height":259,"caption":"Iran: Oberster F\u00fchrer Chamenei verspricht Rache f\u00fcr Kriegsopfer"},{"@type":"BreadcrumbList","@id":"https:\/\/now-news.de\/de\/deutschland\/iran-oberster-fuehrer-chamenei-verspricht-rache-fuer-kriegsopfer\/#breadcrumb","itemListElement":[{"@type":"ListItem","position":1,"name":"Home","item":"https:\/\/now-news.de\/de\/"},{"@type":"ListItem","position":2,"name":"Iran: Oberster F\u00fchrer Chamenei verspricht Rache f\u00fcr Kriegsopfer"}]},{"@type":"WebSite","@id":"https:\/\/now-news.de\/de\/#website","url":"https:\/\/now-news.de\/de\/","name":"just-now.NEWS Deutschland","description":"Das Portal f\u00fcr unzensierte Nachrichten aus der Welt","publisher":{"@id":"https:\/\/now-news.de\/de\/#organization"},"potentialAction":[{"@type":"SearchAction","target":{"@type":"EntryPoint","urlTemplate":"https:\/\/now-news.de\/de\/?s={search_term_string}"},"query-input":"required name=search_term_string"}],"inLanguage":"de"},{"@type":"Organization","@id":"https:\/\/now-news.de\/de\/#organization","name":"Just Now News","url":"https:\/\/now-news.de\/de\/","logo":{"@type":"ImageObject","inLanguage":"de","@id":"https:\/\/now-news.de\/de\/#\/schema\/logo\/image\/","url":"http:\/\/just-now.news\/de\/wp-content\/uploads\/sites\/3\/2022\/04\/logo500x500.jpg","contentUrl":"http:\/\/just-now.news\/de\/wp-content\/uploads\/sites\/3\/2022\/04\/logo500x500.jpg","width":500,"height":500,"caption":"Just Now News"},"image":{"@id":"https:\/\/now-news.de\/de\/#\/schema\/logo\/image\/"},"sameAs":["https:\/\/www.facebook.com\/wirmachenauf","https:\/\/x.com\/WirMachenAuf_de"]},{"@type":"Person","@id":"https:\/\/now-news.de\/de\/#\/schema\/person\/fb534a4e865501d8b3285208df34a9b5","name":"rtnews","image":{"@type":"ImageObject","inLanguage":"de","@id":"https:\/\/now-news.de\/de\/#\/schema\/person\/image\/","url":"https:\/\/secure.gravatar.com\/avatar\/82aafea7d8127119dd649515f56e2117?s=96&d=mm&r=g","contentUrl":"https:\/\/secure.gravatar.com\/avatar\/82aafea7d8127119dd649515f56e2117?s=96&d=mm&r=g","caption":"rtnews"},"url":"https:\/\/now-news.de\/de\/author\/rnews\/"}]}},"_links":{"self":[{"href":"https:\/\/now-news.de\/de\/wp-json\/wp\/v2\/posts\/100168"}],"collection":[{"href":"https:\/\/now-news.de\/de\/wp-json\/wp\/v2\/posts"}],"about":[{"href":"https:\/\/now-news.de\/de\/wp-json\/wp\/v2\/types\/post"}],"author":[{"embeddable":true,"href":"https:\/\/now-news.de\/de\/wp-json\/wp\/v2\/users\/3"}],"replies":[{"embeddable":true,"href":"https:\/\/now-news.de\/de\/wp-json\/wp\/v2\/comments?post=100168"}],"version-history":[{"count":0,"href":"https:\/\/now-news.de\/de\/wp-json\/wp\/v2\/posts\/100168\/revisions"}],"wp:featuredmedia":[{"embeddable":true,"href":"https:\/\/now-news.de\/de\/wp-json\/wp\/v2\/media\/100169"}],"wp:attachment":[{"href":"https:\/\/now-news.de\/de\/wp-json\/wp\/v2\/media?parent=100168"}],"wp:term":[{"taxonomy":"category","embeddable":true,"href":"https:\/\/now-news.de\/de\/wp-json\/wp\/v2\/categories?post=100168"},{"taxonomy":"post_tag","embeddable":true,"href":"https:\/\/now-news.de\/de\/wp-json\/wp\/v2\/tags?post=100168"}],"curies":[{"name":"wp","href":"https:\/\/api.w.org\/{rel}","templated":true}]}}