{"id":100028,"date":"2026-03-10T07:30:36","date_gmt":"2026-03-10T05:30:36","guid":{"rendered":"https:\/\/now-news.de\/de\/deutschland\/leipziger-buchmesse-ukraine-stand-von-der-bundesregierung-gesponsert\/"},"modified":"2026-03-10T07:30:36","modified_gmt":"2026-03-10T05:30:36","slug":"leipziger-buchmesse-ukraine-stand-von-der-bundesregierung-gesponsert","status":"publish","type":"post","link":"https:\/\/now-news.de\/de\/deutschland\/leipziger-buchmesse-ukraine-stand-von-der-bundesregierung-gesponsert\/","title":{"rendered":"Leipziger Buchmesse: Ukraine-Stand von der Bundesregierung gesponsert"},"content":{"rendered":"<p><img decoding=\"async\" src=\"https:\/\/now-news.de\/de\/wp-content\/uploads\/sites\/3\/2026\/03\/69af3c7bb480cc7a905bc7d7.jpg\" \/><\/p>\n<div class=\"Text-root Text-type_1 \">\n                In wenigen Tagen beginnt die Leipziger Buchmesse. Auch die Ukraine ist wieder auf der Veranstaltung vertreten \u2013 mit einem von deutschem Steuergeld finanzierten Stand. Er bietet einen aufschlussreichen Blick darauf, was die Bundesregierung f\u00fcr f\u00f6rderungsw\u00fcrdig h\u00e4lt.\n            <\/div>\n<p><\/p>\n<div class=\"Text-root Text-type_5 ArticleView-text ViewText-root \">\n<p><em>Von Astrid Sigena<\/em><\/p>\n<p>&#8220;Inter arma silent Musae&#8221; \u2013 wenn Krieg herrscht, verstummen die K\u00fcnste. Das wusste schon der Kunsthistoriker Wilhelm von Bode vor \u00fcber hundert Jahren. Es ist deshalb kein Wunder,\u00a0dass auch der Stand, der sich auf der Leipziger Buchmesse der ukrainischen Literatur widmet, vor allem den gegenw\u00e4rtigen Krieg mit Russland thematisiert. Allerdings haben bei der ukrainischen Darbietung \u2013 wie schon <a rel=\"nofollow noopener\" target=\"_blank\" href=\"https:\/\/www.goethe.de\/ins\/ua\/de\/ver.cfm?event_id=25486591\">in den Vorjahren<\/a> \u2013 die deutschen <a rel=\"nofollow noopener\" target=\"_blank\" href=\"https:\/\/www.goethe.de\/de\/uun\/prs\/pma\/p25\/26515521.html\">Beh\u00f6rden<\/a> ihre H\u00e4nde mit im Spiel.<\/p>\n<p>Die Leipziger Buchmesse <a rel=\"nofollow noopener\" target=\"_blank\" href=\"https:\/\/www.leipziger-buchmesse.de\/de\/erleben\/international\/ukraine\/\">bewirbt<\/a> ihre <a rel=\"nofollow noopener\" target=\"_blank\" href=\"https:\/\/www.leipziger-buchmesse.de\/de\/veranstaltungsprogramm\/?limitSearchResults=10&amp;place=Ukraine+Stand\">Ukraine-Veranstaltungen<\/a> mit den Worten:<\/p>\n<blockquote>\n<p><em>&#8220;Die Ukraine ringt weiterhin um ihre Freiheit und kulturelle Identit\u00e4t \u2013 ein Kampf, der mit gro\u00dfen Opfern verbunden ist. Wie der Krieg das Land ver\u00e4ndert und wie ukrainische Autor:innen diese existenzielle Erfahrung literarisch verarbeiten, spiegelt sich in zahlreichen Veranstaltungen auf der Leipziger Buchmesse wider. Auf der Ukraine-B\u00fchne und im Caf\u00e9 Europa zeigt sich die beeindruckende k\u00fcnstlerische Bandbreite einer Nation, die unbeirrt f\u00fcr ihre Zukunft k\u00e4mpft.&#8221;<\/em><\/p>\n<\/blockquote>\n<p>An den meisten dieser Veranstaltungen ist \u2013 neben dem vom Goethe-Institut und den Open Society Foundations <a rel=\"nofollow noopener\" target=\"_blank\" href=\"https:\/\/ui.org.ua\/en\/news-en\/das-ukrainische-institut-eroffnete-sein-erstes-auslandsburo-in-deutschland\/\">gef\u00f6rderten<\/a>\u00a0&#8220;Ukrainischen Institut&#8221; und dem daran <a rel=\"nofollow noopener\" target=\"_blank\" href=\"https:\/\/ubi.org.ua\/uk\/organization\/partners\">angekn\u00fcpften<\/a> &#8220;<a rel=\"nofollow noopener\" target=\"_blank\" href=\"https:\/\/ubi.org.ua\/uk\">Ukrainischen Buch-Institut&#8221;<\/a>\u00a0\u2013 das Goethe-Institut Ukraine <a rel=\"nofollow noopener\" target=\"_blank\" href=\"https:\/\/www.leipziger-buchmesse.de\/de\/erleben\/international\/ukraine\/\">beteiligt<\/a>, daneben auch die Bundeszentrale f\u00fcr politische Bildung (bpb). Beim Goethe-Institut handelt es sich bekanntlich um einen gemeinn\u00fctzigen Verein, der sich \u00fcberwiegend aus dem Budget des Ausw\u00e4rtigen Amtes finanziert. Die bpb ist eine Bundesbeh\u00f6rde, die dem Gesch\u00e4ftsbereich des Bundesministeriums des Inneren untersteht und deren Mittel somit direkt aus Steuereinnahmen stammen.<\/p>\n<p>Man geht also wohl nicht falsch in der Annahme, dass der Stand der Ukraine auf der Leipziger Buchmesse zum gro\u00dfen Teil mit deutschen Steuergeldern finanziert ist. Zumal sich unter den F\u00f6rderern auch der Beauftragte der Bundesregierung f\u00fcr Kultur und Medien, also Kulturstaatsminister Wolfram Weimer befindet.\u00a0Weimer wird auch am 19. M\u00e4rz den ukrainischen Stand feierlich <a rel=\"nofollow noopener\" target=\"_blank\" href=\"https:\/\/www.leipziger-buchmesse.de\/de\/erleben\/international\/ukraine\/\">er\u00f6ffnen<\/a>. Bei so viel bundesdeutschem Wohlwollen darf man davon ausgehen, dass die dort gegebenen Veranstaltungen und vorgestellten B\u00fccher den Segen der Bundesregierung haben.<\/p>\n<p>So <a rel=\"nofollow noopener\" target=\"_blank\" href=\"https:\/\/www.leipziger-buchmesse.de\/pco\/de\/buchmesse\/69aa9bf956dfaf593c02dd59\">w\u00fcrdigt<\/a> eine gemeinsame Veranstaltung des <a rel=\"nofollow noopener\" target=\"_blank\" href=\"https:\/\/www.goethe.de\/ins\/ua\/de\/index.html\">Goethe-Instituts Ukraine<\/a> und der <a rel=\"nofollow noopener\" target=\"_blank\" href=\"https:\/\/www.bpb.de\/\">bpb<\/a> die auf Seiten der Ukraine gefallene Kampfsanit\u00e4terin Savita Wagner. Der Verlag Herder wird im April ihr Tagebuch aus dem Ukraine-Krieg ver\u00f6ffentlichen. Das am Ukraine-Stand stattfindende Gespr\u00e4ch mit Mutter und Witwer von Savita Wagner tr\u00e4gt den Titel &#8220;Text einer Europ\u00e4erin, die Ukrainerin wurde&#8221;. Wagners Texte st\u00fcnden &#8220;f\u00fcr eine Form gelebter europ\u00e4ischer Solidarit\u00e4t, die Verantwortung&#8221; nicht delegiere, sondern \u00fcbernehme. \u00c4hnlich glorifiziert hatte bereits das &#8220;Haus der Geschichte der Bundesrepublik Deutschland&#8221; Wagners Kampf gegen Russland und f\u00fcr &#8220;europ\u00e4ische Werte&#8221;. Das Bonner Museum stellt derzeit die Hinterlassenschaften der toten Sanit\u00e4terin aus (<em>RT DE<\/em>\u00a0<a rel=\"nofollow noopener\" target=\"_blank\" href=\"https:\/\/freedert.online\/international\/270592-beerdigt-in-kiew-gewuerdigt-in-kult-deutsche-ukrainekaempferin-haus-geschichte\/\">berichtete<\/a>).<\/p>\n<p>Die Ukraine an vorderster Front im Kampf f\u00fcr die Verteidigung Europas sieht auch die <a rel=\"nofollow noopener\" target=\"_blank\" href=\"https:\/\/www.leipziger-buchmesse.de\/pco\/de\/buchmesse\/699c7b7ebc7cd4e087041910\">Veranstaltung <\/a>&#8220;Eine Kultur des Trotzdem&#8221;, ebenfalls unter Beteiligung des Goethe-Instituts. Sie stellt einen Essay des ukrainischen Philosophen\u00a0Wladimir Jermolenko vor. In der Kurzbeschreibung hei\u00dft es:<\/p>\n<blockquote>\n<p><em>&#8220;Die Ukraine k\u00e4mpft ums \u00dcberleben \u2013 und verteidigt dabei Europas Freiheit und Werte.&#8221;<\/em><\/p>\n<\/blockquote>\n<p>Und weiter:<\/p>\n<blockquote>\n<p><em>&#8220;Jetzt macht die Ukraine Europa vor, wie man daf\u00fcr k\u00e4mpfen muss \u2013 und kann.&#8221;<\/em><\/p>\n<\/blockquote>\n<p>Ganz offensichtlich betreibt hier das Goethe-Institut mit Steuerzahlermitteln die Errichtung einer europ\u00e4ischen Frontstellung gegen Russland. Die Ukraine unter dem Selenskij-Regime als Vorreiterstaat daf\u00fcr, wie man mit Russland zu verfahren habe.<\/p>\n<p>Es w\u00fcrde zu weit f\u00fchren, die Veranstaltungen allesamt aufzuf\u00fchren, die der Abgrenzung gegen\u00fcber Russland dienen. Deshalb nur einige Beispiele: So <a rel=\"nofollow noopener\" target=\"_blank\" href=\"https:\/\/www.leipziger-buchmesse.de\/pco\/de\/buchmesse\/69a6badbfd0f5b0520061e24\">reflektiert<\/a> eine Veranstaltung mit den Historikern Martin Schulze Wessel und Sergei\u00a0Jekeltschik \u00fcber die gemeinsame deutsch-ukrainische Geschichte und eine Neubewertung &#8220;ukrainischer Erfahrungen im Zweiten Weltkrieg&#8221; im Lichte der Gegenwart. Die Textsammlung &#8220;<a rel=\"nofollow noopener\" target=\"_blank\" href=\"https:\/\/www.leipziger-buchmesse.de\/pco\/de\/buchmesse\/69a5c451329f5ea5ba0f0505\">Kein Kirschgarten<\/a>&#8220;, deren Titel offensichtlich Bezug auf Tschechows ber\u00fchmtes Theaterst\u00fcck nimmt, besch\u00e4ftigt sich jeweils &#8220;mit einem Baum, welcher gleichzeitig auch ein russisches Waffensystem bezeichnet.&#8221;<\/p>\n<p>Die in Deutschland lebende Schriftstellerin Jewgenia Kusnezowa hat gleich zwei Auftritte. Mit &#8220;<a rel=\"nofollow noopener\" target=\"_blank\" href=\"https:\/\/www.leipziger-buchmesse.de\/pco\/de\/buchmesse\/699c783040b3c0dbb504863c\">Cooking in Sorrow<\/a>&#8221;\u00a0erl\u00e4utert sie die ukrainische Mentalit\u00e4t anhand der volkst\u00fcmlichen K\u00fcche. Bei einer weiteren Veranstaltung am Ukraine-Stand will Kusnezowa mit Mythen \u00fcber Sprachen in der Ukraine <a rel=\"nofollow noopener\" target=\"_blank\" href=\"https:\/\/www.leipziger-buchmesse.de\/pco\/de\/buchmesse\/69a6bac5ecac745f5809360a\">aufr\u00e4umen<\/a>. Insbesondere geht es ihr um &#8220;Instrumentalisierung von Sprache als Mittel imperialer Macht&#8221;. Diese Veranstaltung findet ausnahmsweise ohne Beteiligung deutscher Beh\u00f6rden oder steuergeldfinanzierter Vereine statt. Offensichtlich geht selbst dem Goethe-Institut und der bpb die Bezeichnung der russischen Sprache als <a rel=\"nofollow noopener\" target=\"_blank\" href=\"https:\/\/ua-books.eu\/en\/products\/%D0%BC%D0%BE%D0%B2%D0%B0-%D0%BC%D0%B5%D1%87-%D1%8F%D0%BA-%D0%B3%D0%BE%D0%B2%D0%BE%D1%80%D0%B8%D0%BB%D0%B0-%D1%80%D0%B0%D0%B4%D1%8F%D0%BD%D1%81%D1%8C%D0%BA%D0%B0-%D1%96%D0%BC%D0%BF%D0%B5%D1%80%D1%96%D1%8F?srsltid=AfmBOooFv5H38q_cJb86GwVqsQ5gybtZPS0bhXCkl7pqRMXFdNeFNg1a\">Schwert<\/a> imperialistischer Unterdr\u00fcckung zu weit, als dass man sich \u00f6ffentlich zu diesem Werk bekennen m\u00f6chte.<\/p>\n<p>Einen eigenen Russland-Stand wird es auf der Leipziger Buchmesse nicht geben. Zwar hat die Leipziger Literatur-Veranstaltung \u2013 im Gegensatz zur <a rel=\"nofollow noopener\" target=\"_blank\" href=\"https:\/\/freedert.online\/inland\/152000-keine-zensur-auf-frankfurter-buchmesse\/\">Frankfurter Buchmesse<\/a> \u2013 nicht ausdr\u00fccklich einen staatlich organisierten russischen <a rel=\"nofollow noopener\" target=\"_blank\" href=\"https:\/\/www.buchmesse.de\/news\/statement-der-frankfurter-buchmesse-zu-russlands-krieg-der-ukraine\">Nationalstand<\/a>\u00a0<a rel=\"nofollow noopener\" target=\"_blank\" href=\"https:\/\/freedert.online\/meinung\/263862-politisierung-kultur\/\">ausgeschlossen<\/a>. Allein schon die Sanktionen und Reisehindernisse d\u00fcrften aber gen\u00fcgen, um eine Pr\u00e4sentation russischer Verlage in Leipzig schwierig bis unm\u00f6glich zu machen. Ohnehin <a rel=\"nofollow noopener\" target=\"_blank\" href=\"https:\/\/www.leipziger-buchmesse.de\/de\/erleben\/international\/ukraine\/\">bekundet<\/a> die Leipziger Buch-Ausstellung auch im nunmehr f\u00fcnften Jahr des Krieges ihre Solidarit\u00e4t mit der Ukraine.<\/p>\n<p>Nat\u00fcrlich bietet die Messe dennoch auch dieses Jahr <a rel=\"nofollow noopener\" target=\"_blank\" href=\"https:\/\/www.leipziger-buchmesse.de\/de\/suche\/?q=russland&amp;limitSearchResults=10\">Veranstaltungen<\/a> und Buchvorstellungen zum Thema Russland an. Sie haben Titel wie &#8220;<a rel=\"nofollow noopener\" target=\"_blank\" href=\"https:\/\/www.leipziger-buchmesse.de\/pco\/de\/buchmesse\/693978ac7ad190085e04a4d0\">Schergenstaat Russland<\/a>&#8220;, &#8220;<a rel=\"nofollow noopener\" target=\"_blank\" href=\"https:\/\/www.leipziger-buchmesse.de\/pco\/de\/buchmesse\/6971ec07384308aa2b0ff23c\">Imperium ohne Ende<\/a>. Russischer Kolonialismus von Zaren bis Putin&#8221; oder auch: &#8220;<a rel=\"nofollow noopener\" target=\"_blank\" href=\"https:\/\/www.leipziger-buchmesse.de\/pco\/de\/buchmesse\/698f331e6ca3d719990d5f57\">Der Barbar von nebenan<\/a>. Wie Russland zum Schauerm\u00e4rchen wird&#8221;. Letzteres eine Vorstellung des frisch erschienenen Romans &#8220;<a rel=\"nofollow noopener\" target=\"_blank\" href=\"https:\/\/www.matthes-seitz-berlin.de\/buch\/die-neue-barbarei-ebook.html\">Die neue Barbarei<\/a>\u201c von Wiktor Jerofejew. Bereits im Fr\u00fchjahr 2025 hatte Jerofejew in einem Artikel f\u00fcr die <em>NZZ<\/em> von einer &#8220;neuen Barbarei&#8221;\u00a0<a rel=\"nofollow noopener\" target=\"_blank\" href=\"https:\/\/www.nzz.ch\/feuilleton\/putin-hat-in-russland-eine-neue-barbarei-errichtet-es-gibt-im-rest-der-welt-viele-die-ihm-nacheifern-koennten-ld.1881846\">geschrieben<\/a>, die in seinem Heimatland Russland den Sieg davongetragen habe. Damit hatte der russische Exilschriftsteller Bundeskanzler Friedrich Merz gewisserma\u00dfen einen Blankoscheck gegeben. Dieser z\u00f6gerte denn auch nicht, neulich unter Berufung auf einen franz\u00f6sischen Reiseschriftsteller des 19. Jahrhunderts Russland einen &#8220;Zustand der tiefsten Barbarei&#8221;\u00a0<a rel=\"nofollow noopener\" target=\"_blank\" href=\"https:\/\/freedert.online\/meinung\/270822-merz-und-die-tiefste-barbarei\/\">zu attestieren<\/a>.<\/p>\n<p>Auch in anderer Hinsicht herrscht im literarischen Leipzig die Cancel-Culture vor: Der AfD-Bundestagsabgeordnete Maximilian Krah darf seinen Roman-Erstling &#8220;Die Reise nach Europa&#8221; nicht auf der Buchmesse pr\u00e4sentieren. Mitte Februar hatte der Leipziger Veranstalter <a rel=\"nofollow noopener\" target=\"_blank\" href=\"https:\/\/www.focusplus.de\/politik\/buchmesse-sagt-vorstellung-von-afd-politiker-ab-10044?utm_source=facebook_organic&amp;utm_medium=social&amp;utm_campaign=&amp;utm_content=&amp;fbclid=IwY2xjawQDnFRleHRuA2FlbQIxMABicmlkETI5VjhUSkR6UE5STGJZZE9Tc3J0YwZhcHBfaWQQMjIyMDM5MTc4ODIwMDg5MgABHs-JoKNEtJ7Gun4afN0N88iEzVdxf7cd3EWj_PWSyF8HTpjrzwOLtDBj-Est_aem_VlEfvM9n28tKlrYkkj7FFw\">bekannt gegeben<\/a>, dass Krahs Buch-Pr\u00e4sentation &#8220;nach sorgf\u00e4ltiger Pr\u00fcfung aus Sicherheitsgr\u00fcnden&#8221; gestrichen worden sei. Aufgrund von Krahs hohem Bekanntheitsgrad und seiner &#8220;\u00f6ffentlich sehr kontrovers diskutierten Positionen&#8221; best\u00fcnden massive Sicherheitsbedenken, hie\u00df es weiter. Der AfD-Politiker wiederum erkl\u00e4rte, sein Verlag werde versuchen, die Buchmesse noch umzustimmen und die Veranstaltung doch stattzufinden lassen.<\/p>\n<p>Offensichtlich h\u00e4lt es die Leipziger Buchmesse f\u00fcr angebracht, nur noch <a rel=\"nofollow noopener\" target=\"_blank\" href=\"https:\/\/www.leipziger-buchmesse.de\/de\/suche\/?q=afd&amp;limitSearchResults=10\">\u00fcber die AfD<\/a>, nicht aber mit der AfD zu sprechen. \u00c4hnlich wie im Russland-Ukraine-Konflikt entstehen somit immer mehr Tabuzonen. Leerstellen, die dann eine einseitige, oftmals steuergeldfinanzierte Propaganda auff\u00fcllt. Der Spielraum f\u00fcr Kunst und Literatur wird dadurch immer enger. Nicht nur im Krieg, auch hinter Brandmauern verstummen die Musen.<\/p>\n<p><strong>Mehr zum Thema<\/strong> \u2013\u00a0<a rel=\"nofollow noopener\" target=\"_blank\" href=\"https:\/\/freedert.online\/inland\/270327-blackbox-russland-deutsche-osteuropakunde-und-aussterben-kreml-astrologen\/\">Blackbox Russland: Die deutsche Osteuropakunde und das Aussterben der Kreml-Astrologen<\/a><\/p>\n<div class=\"EmbedBlock-root EmbedBlock-externalVideo EmbedBlock-rumble\">\n<div class=\"VkEmbed\"><iframe class=\"lazyload\" data-src=\"https:\/\/rumble.com\/embed\/v74os2q\" frameborder=\"0\" width=\"853\" height=\"480\" allowfullscreen><\/iframe><\/div>\n<\/div>\n<\/div>\n<p><br \/>\n<br \/><a href=\"https:\/\/de.rt.com\/meinung\/272652-leipziger-buchmesse-ukraine-stand\/\">Source link <\/a><\/p>\n","protected":false},"excerpt":{"rendered":"<p>In wenigen Tagen beginnt die Leipziger Buchmesse. Auch die Ukraine ist wieder auf der Veranstaltung vertreten \u2013 mit einem von deutschem Steuergeld finanzierten Stand. Er bietet einen aufschlussreichen Blick darauf, was die Bundesregierung f\u00fcr f\u00f6rderungsw\u00fcrdig h\u00e4lt. Von Astrid Sigena &#8220;Inter arma silent Musae&#8221; \u2013 wenn Krieg herrscht, verstummen die K\u00fcnste. Das wusste schon der Kunsthistoriker [&hellip;]<\/p>\n","protected":false},"author":3,"featured_media":100029,"comment_status":"open","ping_status":"open","sticky":false,"template":"","format":"standard","meta":{"_yoast_indexnow_last_ping":["1773121192"],"wp_automatic_camp":["217"],"2e33b5bcf5587cf403905f5d1234153f":["Leipziger Buchmesse: Ukraine-Stand von der Bundesregierung gesponsert"],"original_link":["https:\/\/de.rt.com\/meinung\/272652-leipziger-buchmesse-ukraine-stand\/"],"_thumbnail_id":["100029"],"jnews_social_counter_last_update":["1777405619"],"_wptgpro_p2tg_sent2tg":["a:1:{i:23737;s:19:\"2026-03-10 07:41:15\";}"]},"categories":[19,23],"tags":[34616,3807,82,71680,34957,71679,50],"yoast_head":"<!-- This site is optimized with the Yoast SEO Premium plugin v22.7 (Yoast SEO v22.7) - https:\/\/yoast.com\/wordpress\/plugins\/seo\/ -->\n<title>Leipziger Buchmesse: Ukraine-Stand von der Bundesregierung gesponsert - just-now.NEWS Deutschland<\/title>\n<meta name=\"robots\" content=\"index, follow, max-snippet:-1, max-image-preview:large, max-video-preview:-1\" \/>\n<link rel=\"canonical\" href=\"https:\/\/now-news.de\/de\/deutschland\/leipziger-buchmesse-ukraine-stand-von-der-bundesregierung-gesponsert\/\" \/>\n<meta property=\"og:locale\" content=\"de_DE\" \/>\n<meta property=\"og:type\" content=\"article\" \/>\n<meta property=\"og:title\" content=\"Leipziger Buchmesse: Ukraine-Stand von der Bundesregierung gesponsert\" \/>\n<meta property=\"og:description\" content=\"In wenigen Tagen beginnt die Leipziger Buchmesse. Auch die Ukraine ist wieder auf der Veranstaltung vertreten \u2013 mit einem von deutschem Steuergeld finanzierten Stand. Er bietet einen aufschlussreichen Blick darauf, was die Bundesregierung f\u00fcr f\u00f6rderungsw\u00fcrdig h\u00e4lt. Von Astrid Sigena &#8220;Inter arma silent Musae&#8221; \u2013 wenn Krieg herrscht, verstummen die K\u00fcnste. Das wusste schon der Kunsthistoriker [&hellip;]\" \/>\n<meta property=\"og:url\" content=\"https:\/\/now-news.de\/de\/deutschland\/leipziger-buchmesse-ukraine-stand-von-der-bundesregierung-gesponsert\/\" \/>\n<meta property=\"og:site_name\" content=\"just-now.NEWS Deutschland\" \/>\n<meta property=\"article:publisher\" content=\"https:\/\/www.facebook.com\/wirmachenauf\" \/>\n<meta property=\"article:published_time\" content=\"2026-03-10T05:30:36+00:00\" \/>\n<meta property=\"og:image\" content=\"https:\/\/now-news.de\/de\/wp-content\/uploads\/sites\/3\/2026\/03\/69af3c7bb480cc7a905bc7d7.jpg\" \/>\n<meta name=\"author\" content=\"rtnews\" \/>\n<meta name=\"twitter:card\" content=\"summary_large_image\" \/>\n<meta name=\"twitter:creator\" content=\"@WirMachenAuf_de\" \/>\n<meta name=\"twitter:site\" content=\"@WirMachenAuf_de\" \/>\n<meta name=\"twitter:label1\" content=\"Verfasst von\" \/>\n\t<meta name=\"twitter:data1\" content=\"rtnews\" \/>\n\t<meta name=\"twitter:label2\" content=\"Gesch\u00e4tzte Lesezeit\" \/>\n\t<meta name=\"twitter:data2\" content=\"6\u00a0Minuten\" \/>\n<script type=\"application\/ld+json\" class=\"yoast-schema-graph\">{\"@context\":\"https:\/\/schema.org\",\"@graph\":[{\"@type\":\"Article\",\"@id\":\"https:\/\/now-news.de\/de\/deutschland\/leipziger-buchmesse-ukraine-stand-von-der-bundesregierung-gesponsert\/#article\",\"isPartOf\":{\"@id\":\"https:\/\/now-news.de\/de\/deutschland\/leipziger-buchmesse-ukraine-stand-von-der-bundesregierung-gesponsert\/\"},\"author\":{\"name\":\"rtnews\",\"@id\":\"https:\/\/now-news.de\/de\/#\/schema\/person\/fb534a4e865501d8b3285208df34a9b5\"},\"headline\":\"Leipziger Buchmesse: Ukraine-Stand von der Bundesregierung gesponsert\",\"datePublished\":\"2026-03-10T05:30:36+00:00\",\"dateModified\":\"2026-03-10T05:30:36+00:00\",\"mainEntityOfPage\":{\"@id\":\"https:\/\/now-news.de\/de\/deutschland\/leipziger-buchmesse-ukraine-stand-von-der-bundesregierung-gesponsert\/\"},\"wordCount\":1130,\"commentCount\":0,\"publisher\":{\"@id\":\"https:\/\/now-news.de\/de\/#organization\"},\"image\":{\"@id\":\"https:\/\/now-news.de\/de\/deutschland\/leipziger-buchmesse-ukraine-stand-von-der-bundesregierung-gesponsert\/#primaryimage\"},\"thumbnailUrl\":\"https:\/\/now-news.de\/de\/wp-content\/uploads\/sites\/3\/2026\/03\/Leipziger-Buchmesse-Ukraine-Stand-von-der-Bundesregierung-gesponsert.jpg\",\"keywords\":[\"Buchmesse\",\"Bundesregierung\",\"der\",\"gesponsert\",\"Leipziger\",\"UkraineStand\",\"von\"],\"articleSection\":[\"Deutschland\",\"Russland\"],\"inLanguage\":\"de\",\"potentialAction\":[{\"@type\":\"CommentAction\",\"name\":\"Comment\",\"target\":[\"https:\/\/now-news.de\/de\/deutschland\/leipziger-buchmesse-ukraine-stand-von-der-bundesregierung-gesponsert\/#respond\"]}]},{\"@type\":\"WebPage\",\"@id\":\"https:\/\/now-news.de\/de\/deutschland\/leipziger-buchmesse-ukraine-stand-von-der-bundesregierung-gesponsert\/\",\"url\":\"https:\/\/now-news.de\/de\/deutschland\/leipziger-buchmesse-ukraine-stand-von-der-bundesregierung-gesponsert\/\",\"name\":\"Leipziger Buchmesse: Ukraine-Stand von der Bundesregierung gesponsert - just-now.NEWS Deutschland\",\"isPartOf\":{\"@id\":\"https:\/\/now-news.de\/de\/#website\"},\"primaryImageOfPage\":{\"@id\":\"https:\/\/now-news.de\/de\/deutschland\/leipziger-buchmesse-ukraine-stand-von-der-bundesregierung-gesponsert\/#primaryimage\"},\"image\":{\"@id\":\"https:\/\/now-news.de\/de\/deutschland\/leipziger-buchmesse-ukraine-stand-von-der-bundesregierung-gesponsert\/#primaryimage\"},\"thumbnailUrl\":\"https:\/\/now-news.de\/de\/wp-content\/uploads\/sites\/3\/2026\/03\/Leipziger-Buchmesse-Ukraine-Stand-von-der-Bundesregierung-gesponsert.jpg\",\"datePublished\":\"2026-03-10T05:30:36+00:00\",\"dateModified\":\"2026-03-10T05:30:36+00:00\",\"breadcrumb\":{\"@id\":\"https:\/\/now-news.de\/de\/deutschland\/leipziger-buchmesse-ukraine-stand-von-der-bundesregierung-gesponsert\/#breadcrumb\"},\"inLanguage\":\"de\",\"potentialAction\":[{\"@type\":\"ReadAction\",\"target\":[\"https:\/\/now-news.de\/de\/deutschland\/leipziger-buchmesse-ukraine-stand-von-der-bundesregierung-gesponsert\/\"]}]},{\"@type\":\"ImageObject\",\"inLanguage\":\"de\",\"@id\":\"https:\/\/now-news.de\/de\/deutschland\/leipziger-buchmesse-ukraine-stand-von-der-bundesregierung-gesponsert\/#primaryimage\",\"url\":\"https:\/\/now-news.de\/de\/wp-content\/uploads\/sites\/3\/2026\/03\/Leipziger-Buchmesse-Ukraine-Stand-von-der-Bundesregierung-gesponsert.jpg\",\"contentUrl\":\"https:\/\/now-news.de\/de\/wp-content\/uploads\/sites\/3\/2026\/03\/Leipziger-Buchmesse-Ukraine-Stand-von-der-Bundesregierung-gesponsert.jpg\",\"width\":460,\"height\":259,\"caption\":\"Leipziger Buchmesse: Ukraine-Stand von der Bundesregierung gesponsert\"},{\"@type\":\"BreadcrumbList\",\"@id\":\"https:\/\/now-news.de\/de\/deutschland\/leipziger-buchmesse-ukraine-stand-von-der-bundesregierung-gesponsert\/#breadcrumb\",\"itemListElement\":[{\"@type\":\"ListItem\",\"position\":1,\"name\":\"Home\",\"item\":\"https:\/\/now-news.de\/de\/\"},{\"@type\":\"ListItem\",\"position\":2,\"name\":\"Leipziger Buchmesse: Ukraine-Stand von der Bundesregierung gesponsert\"}]},{\"@type\":\"WebSite\",\"@id\":\"https:\/\/now-news.de\/de\/#website\",\"url\":\"https:\/\/now-news.de\/de\/\",\"name\":\"just-now.NEWS Deutschland\",\"description\":\"Das Portal f\u00fcr unzensierte Nachrichten aus der Welt\",\"publisher\":{\"@id\":\"https:\/\/now-news.de\/de\/#organization\"},\"potentialAction\":[{\"@type\":\"SearchAction\",\"target\":{\"@type\":\"EntryPoint\",\"urlTemplate\":\"https:\/\/now-news.de\/de\/?s={search_term_string}\"},\"query-input\":\"required name=search_term_string\"}],\"inLanguage\":\"de\"},{\"@type\":\"Organization\",\"@id\":\"https:\/\/now-news.de\/de\/#organization\",\"name\":\"Just Now News\",\"url\":\"https:\/\/now-news.de\/de\/\",\"logo\":{\"@type\":\"ImageObject\",\"inLanguage\":\"de\",\"@id\":\"https:\/\/now-news.de\/de\/#\/schema\/logo\/image\/\",\"url\":\"http:\/\/just-now.news\/de\/wp-content\/uploads\/sites\/3\/2022\/04\/logo500x500.jpg\",\"contentUrl\":\"http:\/\/just-now.news\/de\/wp-content\/uploads\/sites\/3\/2022\/04\/logo500x500.jpg\",\"width\":500,\"height\":500,\"caption\":\"Just Now News\"},\"image\":{\"@id\":\"https:\/\/now-news.de\/de\/#\/schema\/logo\/image\/\"},\"sameAs\":[\"https:\/\/www.facebook.com\/wirmachenauf\",\"https:\/\/x.com\/WirMachenAuf_de\"]},{\"@type\":\"Person\",\"@id\":\"https:\/\/now-news.de\/de\/#\/schema\/person\/fb534a4e865501d8b3285208df34a9b5\",\"name\":\"rtnews\",\"image\":{\"@type\":\"ImageObject\",\"inLanguage\":\"de\",\"@id\":\"https:\/\/now-news.de\/de\/#\/schema\/person\/image\/\",\"url\":\"https:\/\/secure.gravatar.com\/avatar\/82aafea7d8127119dd649515f56e2117?s=96&d=mm&r=g\",\"contentUrl\":\"https:\/\/secure.gravatar.com\/avatar\/82aafea7d8127119dd649515f56e2117?s=96&d=mm&r=g\",\"caption\":\"rtnews\"},\"url\":\"https:\/\/now-news.de\/de\/author\/rnews\/\"}]}<\/script>\n<!-- \/ Yoast SEO Premium plugin. -->","yoast_head_json":{"title":"Leipziger Buchmesse: Ukraine-Stand von der Bundesregierung gesponsert - just-now.NEWS Deutschland","robots":{"index":"index","follow":"follow","max-snippet":"max-snippet:-1","max-image-preview":"max-image-preview:large","max-video-preview":"max-video-preview:-1"},"canonical":"https:\/\/now-news.de\/de\/deutschland\/leipziger-buchmesse-ukraine-stand-von-der-bundesregierung-gesponsert\/","og_locale":"de_DE","og_type":"article","og_title":"Leipziger Buchmesse: Ukraine-Stand von der Bundesregierung gesponsert","og_description":"In wenigen Tagen beginnt die Leipziger Buchmesse. Auch die Ukraine ist wieder auf der Veranstaltung vertreten \u2013 mit einem von deutschem Steuergeld finanzierten Stand. Er bietet einen aufschlussreichen Blick darauf, was die Bundesregierung f\u00fcr f\u00f6rderungsw\u00fcrdig h\u00e4lt. Von Astrid Sigena &#8220;Inter arma silent Musae&#8221; \u2013 wenn Krieg herrscht, verstummen die K\u00fcnste. Das wusste schon der Kunsthistoriker [&hellip;]","og_url":"https:\/\/now-news.de\/de\/deutschland\/leipziger-buchmesse-ukraine-stand-von-der-bundesregierung-gesponsert\/","og_site_name":"just-now.NEWS Deutschland","article_publisher":"https:\/\/www.facebook.com\/wirmachenauf","article_published_time":"2026-03-10T05:30:36+00:00","og_image":[{"url":"https:\/\/now-news.de\/de\/wp-content\/uploads\/sites\/3\/2026\/03\/69af3c7bb480cc7a905bc7d7.jpg"}],"author":"rtnews","twitter_card":"summary_large_image","twitter_creator":"@WirMachenAuf_de","twitter_site":"@WirMachenAuf_de","twitter_misc":{"Verfasst von":"rtnews","Gesch\u00e4tzte Lesezeit":"6\u00a0Minuten"},"schema":{"@context":"https:\/\/schema.org","@graph":[{"@type":"Article","@id":"https:\/\/now-news.de\/de\/deutschland\/leipziger-buchmesse-ukraine-stand-von-der-bundesregierung-gesponsert\/#article","isPartOf":{"@id":"https:\/\/now-news.de\/de\/deutschland\/leipziger-buchmesse-ukraine-stand-von-der-bundesregierung-gesponsert\/"},"author":{"name":"rtnews","@id":"https:\/\/now-news.de\/de\/#\/schema\/person\/fb534a4e865501d8b3285208df34a9b5"},"headline":"Leipziger Buchmesse: Ukraine-Stand von der Bundesregierung gesponsert","datePublished":"2026-03-10T05:30:36+00:00","dateModified":"2026-03-10T05:30:36+00:00","mainEntityOfPage":{"@id":"https:\/\/now-news.de\/de\/deutschland\/leipziger-buchmesse-ukraine-stand-von-der-bundesregierung-gesponsert\/"},"wordCount":1130,"commentCount":0,"publisher":{"@id":"https:\/\/now-news.de\/de\/#organization"},"image":{"@id":"https:\/\/now-news.de\/de\/deutschland\/leipziger-buchmesse-ukraine-stand-von-der-bundesregierung-gesponsert\/#primaryimage"},"thumbnailUrl":"https:\/\/now-news.de\/de\/wp-content\/uploads\/sites\/3\/2026\/03\/Leipziger-Buchmesse-Ukraine-Stand-von-der-Bundesregierung-gesponsert.jpg","keywords":["Buchmesse","Bundesregierung","der","gesponsert","Leipziger","UkraineStand","von"],"articleSection":["Deutschland","Russland"],"inLanguage":"de","potentialAction":[{"@type":"CommentAction","name":"Comment","target":["https:\/\/now-news.de\/de\/deutschland\/leipziger-buchmesse-ukraine-stand-von-der-bundesregierung-gesponsert\/#respond"]}]},{"@type":"WebPage","@id":"https:\/\/now-news.de\/de\/deutschland\/leipziger-buchmesse-ukraine-stand-von-der-bundesregierung-gesponsert\/","url":"https:\/\/now-news.de\/de\/deutschland\/leipziger-buchmesse-ukraine-stand-von-der-bundesregierung-gesponsert\/","name":"Leipziger Buchmesse: Ukraine-Stand von der Bundesregierung gesponsert - just-now.NEWS Deutschland","isPartOf":{"@id":"https:\/\/now-news.de\/de\/#website"},"primaryImageOfPage":{"@id":"https:\/\/now-news.de\/de\/deutschland\/leipziger-buchmesse-ukraine-stand-von-der-bundesregierung-gesponsert\/#primaryimage"},"image":{"@id":"https:\/\/now-news.de\/de\/deutschland\/leipziger-buchmesse-ukraine-stand-von-der-bundesregierung-gesponsert\/#primaryimage"},"thumbnailUrl":"https:\/\/now-news.de\/de\/wp-content\/uploads\/sites\/3\/2026\/03\/Leipziger-Buchmesse-Ukraine-Stand-von-der-Bundesregierung-gesponsert.jpg","datePublished":"2026-03-10T05:30:36+00:00","dateModified":"2026-03-10T05:30:36+00:00","breadcrumb":{"@id":"https:\/\/now-news.de\/de\/deutschland\/leipziger-buchmesse-ukraine-stand-von-der-bundesregierung-gesponsert\/#breadcrumb"},"inLanguage":"de","potentialAction":[{"@type":"ReadAction","target":["https:\/\/now-news.de\/de\/deutschland\/leipziger-buchmesse-ukraine-stand-von-der-bundesregierung-gesponsert\/"]}]},{"@type":"ImageObject","inLanguage":"de","@id":"https:\/\/now-news.de\/de\/deutschland\/leipziger-buchmesse-ukraine-stand-von-der-bundesregierung-gesponsert\/#primaryimage","url":"https:\/\/now-news.de\/de\/wp-content\/uploads\/sites\/3\/2026\/03\/Leipziger-Buchmesse-Ukraine-Stand-von-der-Bundesregierung-gesponsert.jpg","contentUrl":"https:\/\/now-news.de\/de\/wp-content\/uploads\/sites\/3\/2026\/03\/Leipziger-Buchmesse-Ukraine-Stand-von-der-Bundesregierung-gesponsert.jpg","width":460,"height":259,"caption":"Leipziger Buchmesse: Ukraine-Stand von der Bundesregierung gesponsert"},{"@type":"BreadcrumbList","@id":"https:\/\/now-news.de\/de\/deutschland\/leipziger-buchmesse-ukraine-stand-von-der-bundesregierung-gesponsert\/#breadcrumb","itemListElement":[{"@type":"ListItem","position":1,"name":"Home","item":"https:\/\/now-news.de\/de\/"},{"@type":"ListItem","position":2,"name":"Leipziger Buchmesse: Ukraine-Stand von der Bundesregierung gesponsert"}]},{"@type":"WebSite","@id":"https:\/\/now-news.de\/de\/#website","url":"https:\/\/now-news.de\/de\/","name":"just-now.NEWS Deutschland","description":"Das Portal f\u00fcr unzensierte Nachrichten aus der Welt","publisher":{"@id":"https:\/\/now-news.de\/de\/#organization"},"potentialAction":[{"@type":"SearchAction","target":{"@type":"EntryPoint","urlTemplate":"https:\/\/now-news.de\/de\/?s={search_term_string}"},"query-input":"required name=search_term_string"}],"inLanguage":"de"},{"@type":"Organization","@id":"https:\/\/now-news.de\/de\/#organization","name":"Just Now News","url":"https:\/\/now-news.de\/de\/","logo":{"@type":"ImageObject","inLanguage":"de","@id":"https:\/\/now-news.de\/de\/#\/schema\/logo\/image\/","url":"http:\/\/just-now.news\/de\/wp-content\/uploads\/sites\/3\/2022\/04\/logo500x500.jpg","contentUrl":"http:\/\/just-now.news\/de\/wp-content\/uploads\/sites\/3\/2022\/04\/logo500x500.jpg","width":500,"height":500,"caption":"Just Now News"},"image":{"@id":"https:\/\/now-news.de\/de\/#\/schema\/logo\/image\/"},"sameAs":["https:\/\/www.facebook.com\/wirmachenauf","https:\/\/x.com\/WirMachenAuf_de"]},{"@type":"Person","@id":"https:\/\/now-news.de\/de\/#\/schema\/person\/fb534a4e865501d8b3285208df34a9b5","name":"rtnews","image":{"@type":"ImageObject","inLanguage":"de","@id":"https:\/\/now-news.de\/de\/#\/schema\/person\/image\/","url":"https:\/\/secure.gravatar.com\/avatar\/82aafea7d8127119dd649515f56e2117?s=96&d=mm&r=g","contentUrl":"https:\/\/secure.gravatar.com\/avatar\/82aafea7d8127119dd649515f56e2117?s=96&d=mm&r=g","caption":"rtnews"},"url":"https:\/\/now-news.de\/de\/author\/rnews\/"}]}},"_links":{"self":[{"href":"https:\/\/now-news.de\/de\/wp-json\/wp\/v2\/posts\/100028"}],"collection":[{"href":"https:\/\/now-news.de\/de\/wp-json\/wp\/v2\/posts"}],"about":[{"href":"https:\/\/now-news.de\/de\/wp-json\/wp\/v2\/types\/post"}],"author":[{"embeddable":true,"href":"https:\/\/now-news.de\/de\/wp-json\/wp\/v2\/users\/3"}],"replies":[{"embeddable":true,"href":"https:\/\/now-news.de\/de\/wp-json\/wp\/v2\/comments?post=100028"}],"version-history":[{"count":0,"href":"https:\/\/now-news.de\/de\/wp-json\/wp\/v2\/posts\/100028\/revisions"}],"wp:featuredmedia":[{"embeddable":true,"href":"https:\/\/now-news.de\/de\/wp-json\/wp\/v2\/media\/100029"}],"wp:attachment":[{"href":"https:\/\/now-news.de\/de\/wp-json\/wp\/v2\/media?parent=100028"}],"wp:term":[{"taxonomy":"category","embeddable":true,"href":"https:\/\/now-news.de\/de\/wp-json\/wp\/v2\/categories?post=100028"},{"taxonomy":"post_tag","embeddable":true,"href":"https:\/\/now-news.de\/de\/wp-json\/wp\/v2\/tags?post=100028"}],"curies":[{"name":"wp","href":"https:\/\/api.w.org\/{rel}","templated":true}]}}