{"id":100018,"date":"2026-03-09T22:25:12","date_gmt":"2026-03-09T20:25:12","guid":{"rendered":"https:\/\/now-news.de\/de\/deutschland\/ein-tor-zur-hoelle-wie-der-krieg-gegen-den-iran-dem-westen-schaden-wird\/"},"modified":"2026-03-09T22:25:12","modified_gmt":"2026-03-09T20:25:12","slug":"ein-tor-zur-hoelle-wie-der-krieg-gegen-den-iran-dem-westen-schaden-wird","status":"publish","type":"post","link":"https:\/\/now-news.de\/de\/deutschland\/ein-tor-zur-hoelle-wie-der-krieg-gegen-den-iran-dem-westen-schaden-wird\/","title":{"rendered":"Ein Tor zur H\u00f6lle: Wie der Krieg gegen den Iran dem Westen schaden wird"},"content":{"rendered":"<p><img decoding=\"async\" src=\"https:\/\/now-news.de\/de\/wp-content\/uploads\/sites\/3\/2026\/03\/69aebb9848fbef0ae768ca34.jpg\" \/><\/p>\n<div class=\"Text-root Text-type_1 \">\n                Die Doppelmoral des Westens ist kaum noch zu ertragen: Der neu entfachte Krieg in Nahost d\u00fcrfte lange und blutig werden und vor allem den USA und Europa schweren Schaden zuf\u00fcgen. Neben wirtschaftlichen Verwerfungen hat man nun endg\u00fcltig jegliche Glaubw\u00fcrdigkeit mit Blick auf Diplomatie verloren.\n            <\/div>\n<p><\/p>\n<div class=\"Text-root Text-type_5 ArticleView-text ViewText-root \">\n<p><em>Von\u00a0Michael von der Schulenburg\u00a0<\/em><\/p>\n<p>In der westlichen Welt finden sich heute erschreckend viele Politiker und Medien, die den milit\u00e4rischen Angriff der Vereinigten Staaten und Israels auf die Islamische Republik Iran rechtfertigen oder sogar begr\u00fc\u00dfen. Getragen von jener uns so vertrauten Selbstgerechtigkeit glauben viele, die USA st\u00fcnden hier erneut f\u00fcr das Gute im Kampf gegen das B\u00f6se.<\/p>\n<p>Gerade deshalb w\u00e4re es dringend notwendig, innezuhalten und nachzudenken. Denn mit diesem Krieg begehen die USA und Israel ein Verbrechen von gewaltigem Ausma\u00df \u2013 nicht nur am Iran, sondern letztlich auch an sich selbst und an uns allen. Dieser Krieg k\u00f6nnte ein Tor zur H\u00f6lle aufgesto\u00dfen haben, an dessen Ende der Westen als Verlierer dasteht.\u00a0<\/p>\n<p><strong>Dieser Krieg d\u00fcrfte lange und blutig werden<\/strong><\/p>\n<p>Vieles mahnt an den Beginn des Irakkriegs 2003. Auch damals war ein amerikanischer Pr\u00e4sident geradezu besessen von der Idee, den Irak von seinem Diktator zu &#8220;befreien&#8221;. Auch damals behauptete George W. Bush, das Regime verf\u00fcge \u00fcber Massenvernichtungswaffen, vor denen die Welt gesch\u00fctzt werden m\u00fcsse. Und ein sich andienender britischer Premierminister, Tony Blair, erkl\u00e4rte sogar, Saddam Hussein k\u00f6nne London innerhalb von 15 Minuten angreifen. Nichts davon stimmte.<\/p>\n<p>Der Krieg sollte rasch beendet sein; bereits einen Monat sp\u00e4ter verk\u00fcndete Bush &#8220;mission accomplished&#8221;. Doch auch das erwies sich als Illusion. Der Irak versank in einem brutalen B\u00fcrgerkrieg und auf den Tr\u00fcmmern des Landes entstand eine der gef\u00e4hrlichsten Terrororganisationen unserer Zeit: der sogenannte Islamische Staat. Viele der Iraker, die angeblich &#8220;befreit&#8221; werden sollten, zahlten mit ihrem Leben und mit der Zerst\u00f6rung ihres Landes. Sch\u00e4tzungen sprechen von bis zu einer Million Toten, manche sogar von zwei oder drei Millionen. Die Folgen dieses Krieges lasten noch heute, 23 Jahre sp\u00e4ter, schwer auf dem Irak.<\/p>\n<p>An all das sollten wir uns erinnern, denn vieles scheint sich nun zu wiederholen. Die USA und Israel f\u00fchren heute Krieg gegen den Iran und begr\u00fcnden dies mit angeblichen Atomwaffen \u2013 wohlwissend, dass der Iran keine Atombomben besitzt und auch keine baut. Wieder hei\u00dft es, die Iraner m\u00fcssten &#8220;befreit&#8221; werden, wieder soll alles schnell gehen. Doch im Iran k\u00f6nnten die Folgen der Invasion noch verheerender werden als im Irak. Die Bev\u00f6lkerung ist doppelt so gro\u00df, hoch gebildet, und trotz interner Spannungen ist das Land organisatorisch stabiler. Es verf\u00fcgt \u00fcber ein st\u00e4rkeres Milit\u00e4r, und sein politisches System bricht nicht durch die Eliminierung einzelner F\u00fchrungspersonen zusammen. Zudem ist Iran heute Mitglied der BRICS und wird \u2013 wenn auch nicht offen \u2013 von Russland und China unterst\u00fctzt.<\/p>\n<p>W\u00e4hrend die Bush-Regierung zumindest den Anspruch erhob, den Irak politisch und wirtschaftlich wiederaufzubauen, zielen die Ma\u00dfnahmen der USA und Israels heute ausschlie\u00dflich auf Zerst\u00f6rung aus der Luft. Das wird die Lage mit Sicherheit nicht verbessern.<\/p>\n<p><strong>K\u00f6nnten die USA und Israel auch diesen Krieg verlieren?<\/strong><\/p>\n<p>Entgegen den Ank\u00fcndigungen von Pr\u00e4sident Trump d\u00fcrfte dieser Konflikt kaum rasch beendet sein. Vielmehr spricht vieles daf\u00fcr, dass uns ein langer, \u00e4u\u00dferst blutiger und verlustreicher Krieg bevorsteht \u2013 ein Krieg, den die USA und Israel sowohl milit\u00e4risch als auch politisch-moralisch verlieren k\u00f6nnten. Die Folgen w\u00e4ren f\u00fcr den gesamten Westen \u00e4u\u00dferst gef\u00e4hrlich.<\/p>\n<p>Der Ausgang dieses Krieges k\u00f6nnte weniger auf dem Schlachtfeld als durch die internen politischen Entwicklungen jeweils im Iran, in den USA, in Israel und in den arabischen Nachbarstaaten 2 entschieden werden. In dieser Hinsicht scheinen die USA und Israel im Nachteil zu sein. Ihre Strategie \u2013 sofern man \u00fcberhaupt von einer klaren Strategie sprechen kann \u2013 setzt auf einen &#8220;Enthauptungsschlag&#8221;. Die Hoffnung war, dass die rasche Ausschaltung der iranischen F\u00fchrung zu massiven Aufst\u00e4nden im Iran f\u00fchren und Teile der Streitkr\u00e4fte auf die Seite der Aufst\u00e4ndischen wechseln w\u00fcrden, sodass die Islamische Republik kollabiert. Zwar scheint der Enthauptungsschlag gelungen zu sein, doch weder ein Aufstand noch ein milit\u00e4rischer Putsch haben sich bislang ereignet \u2013 trotz wiederholter Appelle Trumps. Wir befinden uns bereits am vierten Kriegstag, und die iranische F\u00fchrung hat diesen Schlag erstaunlich gut absorbiert. Von Spannungen zwischen den zahlreichen Machtzentren im Iran ist nichts bekannt. Mit jedem weiteren Tag sinkt die Wahrscheinlichkeit eines inneren Umsturzes. Damit w\u00e4re die US-Israeli Strategie gescheitert.<\/p>\n<p>In den USA ist der Krieg \u00e4u\u00dferst unpopul\u00e4r \u2013 insbesondere unter Trump-W\u00e4hlern, die seinem Versprechen vertraut hatten, keine neuen Kriege zu beginnen. Mit jeder neuen Meldung \u00fcber Zerst\u00f6rungen, \u00fcber zivile Opfer \u2013 darunter die 160 get\u00f6teten Schulm\u00e4dchen \u2013 und \u00fcber gefallene USSoldaten wird der innenpolitische Widerstand wachsen. Hinzu kommt die Gefahr eines politischen Bruchs zwischen den USA und Israel, deren Interessen in diesem Konflikt weit auseinandergehen. Schon jetzt verliert Israel in den USA an R\u00fcckhalt, selbst unter evangelikalen Gruppen im Bible Belt. Der drastische Anstieg der Energiepreise infolge der Sperrung der Stra\u00dfe von Hormuz belastet die Stimmung zus\u00e4tzlich. Trump steht vor den Zwischenwahlen im November. Gelingt es ihm nicht, den Krieg rasch mit einem Sieg zu beenden, k\u00f6nnten die Wahlen f\u00fcr ihn verheerend ausgehen. Ihm l\u00e4uft die Zeit davon \u2013 w\u00e4hrend sie f\u00fcr den Iran arbeitet. Es \u00fcberrascht daher nicht, dass Trump inzwischen mehrfach die M\u00f6glichkeit neuer Verhandlungen mit Teheran ins Spiel gebracht hat. Doch Teheran d\u00fcrfte darauf kaum eingehen.<\/p>\n<p>Auch in den arabischen Golfstaaten, die dicht mit US-Milit\u00e4rbasen \u00fcbers\u00e4t sind, k\u00f6nnte ein Umdenken einsetzen. Der Iran greift nicht nur die dortigen US-Basen an, sondern zunehmend auch Ziele in den Golfstaaten selbst. Mit einfachen, kosteng\u00fcnstigen Drohnen zwingt er die USA und ihre Partner, teure und schwer ersetzbare Abwehrraketen einzusetzen. Viele Golfstaaten d\u00fcrften sich deshalb fragen, wie belastbar die amerikanischen Sicherheitsgarantien tats\u00e4chlich sind \u2013 zumal die USA den iranischen Angriffen bislang wenig entgegensetzen konnten.<\/p>\n<p>F\u00fcr Israel stellt sich die Frage, wie lange es einem noch intensiveren iranischen Raketenbeschuss standhalten kann. Bereits jetzt durchbrechen iranische Raketen die Systeme Iron Dome, David\u2019s Sling sowie Arrow 2 und 3. Die Lage k\u00f6nnte sich weiter zuspitzen. Israel hat sich mit diesem Krieg einem enormen Risiko ausgesetzt. Keinen seiner j\u00fcngeren Konflikte \u2013 weder in Gaza, der Westbank, in Syrien noch gegen die Hisbollah im Libanon oder die Huthi im Jemen \u2013 konnte es klar f\u00fcr sich entscheiden. Eine Niederlage im Krieg gegen den Iran k\u00f6nnte den israelischen Staat daher vor bislang ungekannte existenzielle Herausforderungen stellen.<\/p>\n<p><strong>Der Krieg gegen den Iran f\u00fcgt dem Westen schweren Schaden zu<\/strong><\/p>\n<p>Der Krieg gegen den Iran begann am 28. Februar mit einer Skrupellosigkeit, die kaum zu \u00fcberbieten ist. Noch w\u00e4hrend vielversprechender Verhandlungen und entgegen allen internationalen Normen hat Israel durch einen massiven Raketenangriff einen Gro\u00dfteil der iranischen F\u00fchrung get\u00f6tet \u2013 darunter den religi\u00f6sen und staatlichen F\u00fchrer sowie Mitglieder seiner Familie in deren Residenz. Die auf Al Jazeera gezeigten Bilder lassen nur pulverisierte Mauerreste erkennen; man wollte offenbar sicherstellen, dass niemanden \u00fcberlebt. Den Angriff als &#8220;Enthauptungsschlag&#8221; zu bezeichnen, zeugt bereits f\u00fcr sich von einem tiefen moralischen Verfall. Dass auch die europ\u00e4ischen Regierungen zu diesem Vorgehen schweigen, wird den gesamten Westen auf lange Zeit schwer belasten.<\/p>\n<p>Dabei hatten die iranischen Unterh\u00e4ndler am 26. Februar in Genf bedeutende Zugest\u00e4ndnisse gemacht. Ein hochrangiger US-Regierungsbeamter best\u00e4tigte dem Magazin Axios, dass erhebliche Fortschritte erzielt worden seien. Auch der omanische Au\u00dfenminister, der als Vermittler fungierte, sprach von einem Durchbruch. Noch am 27. Februar erkl\u00e4rte Pr\u00e4sident Trump, er ziehe eine diplomatische L\u00f6sung einem Krieg vor. Allerdings musste zu diesem Zeitpunkt die Entscheidung zum Angriff am 3 folgenden Tag bereits gefallen sein. War es also \u2013 wie viele Beobachter vermuteten \u2013 so, dass die USA und Israel die Verhandlungen nur zum Schein f\u00fchrten, um die iranische Regierung in Sicherheit zu wiegen? Ein solcher Vorgang w\u00e4re ein in der modernen Welt beispielloser Vertrauensbruch.<\/p>\n<p>Dieser Krieg hat nicht nur das Vertrauen in die Aufrichtigkeit des Westens zerst\u00f6rt. Mit ihm wurde auch das auf der UN-Charta beruhende V\u00f6lkerrecht endg\u00fcltig zerst\u00f6rt \u2013 jenes Recht, das der Westen einst selbst geschaffen hat. Das Verh\u00e4ltnis zur UN-Charta war schon immer angespannt, insbesondere in Israel und den USA. Doch der Bruch im Zusammenhang mit dem Angriff auf den Iran ist beispiellos. Hatte Pr\u00e4sident George W. Bush 2003 noch \u2013 wenn auch vergeblich \u2013 versucht, ein Mandat des Sicherheitsrats f\u00fcr den Irakkrieg zu erhalten, so hat Pr\u00e4sident Trump niemanden mehr gefragt, nicht einmal den eigenen Kongress. Damit hat er das Tor zu einer Weltordnung weit aufgesto\u00dfen, die sich ausschlie\u00dflich auf das Recht des St\u00e4rkeren gr\u00fcndet. Dass all dies geschieht, ohne dass es in der westlichen Welt einen Aufschrei gibt, sagt viel \u00fcber den geistigen und moralischen Zustand unserer Gesellschaften aus.<\/p>\n<p>Der Krieg wird zudem alle Bem\u00fchungen untergraben, die Ausbreitung von Atomwaffen einzud\u00e4mmen. Obwohl die USA und Israel behaupten, mit diesem Krieg die Weiterverbreitung von Nuklearwaffen verhindern zu wollen, werden sie wohl das Gegenteil erreichen. Ihr Handeln wird in vielen L\u00e4ndern die \u00dcberzeugung st\u00e4rken, dass nur der Besitz von Atomwaffen vor solchen Angriffen sch\u00fctzt. Die USA und Israel \u2013 beide Nuklearm\u00e4chte \u2013 konnten den Iran nur angreifen, weil er eben keine Atomwaffen besitzt und auch nicht unmittelbar davorstand, welche zu entwickeln. H\u00e4tte der Iran Atomwaffen, w\u00e4re es mit hoher Wahrscheinlichkeit nie zu diesem Krieg gekommen.<\/p>\n<p>Und was bedeutet all dies f\u00fcr uns Europ\u00e4er? Wieder einmal finden wir nicht die richtigen Worte und nicht die richtige Haltung. Wie schon im verlorenen Ukrainekrieg \u00fcbernehmen wir \u2013 ohne eigenen Einfluss \u2013 dieselbe kriegerische Rhetorik und dieselben hohlen Drohgeb\u00e4rden. Doch lange nachdem sich die Amerikaner \u00fcber den Atlantik in Sicherheit gebracht haben, werden wir auf den Tr\u00fcmmern und den enormen Kosten eines verlorenen Irankrieges sitzen bleiben. Europa k\u00f6nnte so nicht nur f\u00fcr einen verloren Ukraine Krieg sondern bald auch f\u00fcr einen verlorenen Iran Krieg die Rechnung bezahlen.<\/p>\n<p>Einst hatten viele amerikanische Politiker bedauert, je in den Irakkrieg gezogen zu sein. Den jetzigen Irankrieg werden wir alle schon bald als einen Kardinalfehler beklagen. Nur dann ist es zu sp\u00e4t. Das Unheil ist bereits angerichtet.<\/p>\n<p><strong>Mehr zum Thema<\/strong> &#8211;\u00a0<a rel=\"nofollow noopener\" target=\"_blank\" href=\"https:\/\/freedert.online\/international\/272542-nachdrueckliche-bitte-witkoff-berichtet-von\/\">&#8220;Nachdr\u00fcckliche&#8221; Bitte: Witkoff berichtet von Gespr\u00e4chen mit Russland \u00fcber Iran<\/a><\/p>\n<\/p>\n<\/div>\n<p><br \/>\n<br \/><a href=\"https:\/\/de.rt.com\/meinung\/272585-tor-zur-hoelle-wie-krieg\/\">Source link <\/a><\/p>\n","protected":false},"excerpt":{"rendered":"<p>Die Doppelmoral des Westens ist kaum noch zu ertragen: Der neu entfachte Krieg in Nahost d\u00fcrfte lange und blutig werden und vor allem den USA und Europa schweren Schaden zuf\u00fcgen. Neben wirtschaftlichen Verwerfungen hat man nun endg\u00fcltig jegliche Glaubw\u00fcrdigkeit mit Blick auf Diplomatie verloren. Von\u00a0Michael von der Schulenburg\u00a0 In der westlichen Welt finden sich heute [&hellip;]<\/p>\n","protected":false},"author":3,"featured_media":100019,"comment_status":"open","ping_status":"open","sticky":false,"template":"","format":"standard","meta":{"_yoast_indexnow_last_ping":["1773088495"],"wp_automatic_camp":["217"],"8df63cf4b3dc56255c8a8631105e7d25":["Ein Tor zur H\u00f6lle: Wie der Krieg gegen den Iran dem Westen schaden wird"],"original_link":["https:\/\/de.rt.com\/meinung\/272585-tor-zur-hoelle-wie-krieg\/"],"_thumbnail_id":["100019"],"jnews_social_counter_last_update":["1777589105"],"_wptgpro_p2tg_sent2tg":["a:1:{i:23737;s:19:\"2026-03-09 22:35:55\";}"]},"categories":[19,23],"tags":[134,48,82,357,278,16320,1786,130,971,23663,378,579,374,581],"yoast_head":"<!-- This site is optimized with the Yoast SEO Premium plugin v22.7 (Yoast SEO v22.7) - https:\/\/yoast.com\/wordpress\/plugins\/seo\/ -->\n<title>Ein Tor zur H\u00f6lle: Wie der Krieg gegen den Iran dem Westen schaden wird - just-now.NEWS Deutschland<\/title>\n<meta name=\"robots\" content=\"index, follow, max-snippet:-1, max-image-preview:large, max-video-preview:-1\" \/>\n<link rel=\"canonical\" href=\"https:\/\/now-news.de\/de\/deutschland\/ein-tor-zur-hoelle-wie-der-krieg-gegen-den-iran-dem-westen-schaden-wird\/\" \/>\n<meta property=\"og:locale\" content=\"de_DE\" \/>\n<meta property=\"og:type\" content=\"article\" \/>\n<meta property=\"og:title\" content=\"Ein Tor zur H\u00f6lle: Wie der Krieg gegen den Iran dem Westen schaden wird\" \/>\n<meta property=\"og:description\" content=\"Die Doppelmoral des Westens ist kaum noch zu ertragen: Der neu entfachte Krieg in Nahost d\u00fcrfte lange und blutig werden und vor allem den USA und Europa schweren Schaden zuf\u00fcgen. Neben wirtschaftlichen Verwerfungen hat man nun endg\u00fcltig jegliche Glaubw\u00fcrdigkeit mit Blick auf Diplomatie verloren. Von\u00a0Michael von der Schulenburg\u00a0 In der westlichen Welt finden sich heute [&hellip;]\" \/>\n<meta property=\"og:url\" content=\"https:\/\/now-news.de\/de\/deutschland\/ein-tor-zur-hoelle-wie-der-krieg-gegen-den-iran-dem-westen-schaden-wird\/\" \/>\n<meta property=\"og:site_name\" content=\"just-now.NEWS Deutschland\" \/>\n<meta property=\"article:publisher\" content=\"https:\/\/www.facebook.com\/wirmachenauf\" \/>\n<meta property=\"article:published_time\" content=\"2026-03-09T20:25:12+00:00\" \/>\n<meta property=\"og:image\" content=\"https:\/\/now-news.de\/de\/wp-content\/uploads\/sites\/3\/2026\/03\/69aebb9848fbef0ae768ca34.jpg\" \/>\n<meta name=\"author\" content=\"rtnews\" \/>\n<meta name=\"twitter:card\" content=\"summary_large_image\" \/>\n<meta name=\"twitter:creator\" content=\"@WirMachenAuf_de\" \/>\n<meta name=\"twitter:site\" content=\"@WirMachenAuf_de\" \/>\n<meta name=\"twitter:label1\" content=\"Verfasst von\" \/>\n\t<meta name=\"twitter:data1\" content=\"rtnews\" \/>\n\t<meta name=\"twitter:label2\" content=\"Gesch\u00e4tzte Lesezeit\" \/>\n\t<meta name=\"twitter:data2\" content=\"9\u00a0Minuten\" \/>\n<script type=\"application\/ld+json\" class=\"yoast-schema-graph\">{\"@context\":\"https:\/\/schema.org\",\"@graph\":[{\"@type\":\"Article\",\"@id\":\"https:\/\/now-news.de\/de\/deutschland\/ein-tor-zur-hoelle-wie-der-krieg-gegen-den-iran-dem-westen-schaden-wird\/#article\",\"isPartOf\":{\"@id\":\"https:\/\/now-news.de\/de\/deutschland\/ein-tor-zur-hoelle-wie-der-krieg-gegen-den-iran-dem-westen-schaden-wird\/\"},\"author\":{\"name\":\"rtnews\",\"@id\":\"https:\/\/now-news.de\/de\/#\/schema\/person\/fb534a4e865501d8b3285208df34a9b5\"},\"headline\":\"Ein Tor zur H\u00f6lle: Wie der Krieg gegen den Iran dem Westen schaden wird\",\"datePublished\":\"2026-03-09T20:25:12+00:00\",\"dateModified\":\"2026-03-09T20:25:12+00:00\",\"mainEntityOfPage\":{\"@id\":\"https:\/\/now-news.de\/de\/deutschland\/ein-tor-zur-hoelle-wie-der-krieg-gegen-den-iran-dem-westen-schaden-wird\/\"},\"wordCount\":1746,\"commentCount\":0,\"publisher\":{\"@id\":\"https:\/\/now-news.de\/de\/#organization\"},\"image\":{\"@id\":\"https:\/\/now-news.de\/de\/deutschland\/ein-tor-zur-hoelle-wie-der-krieg-gegen-den-iran-dem-westen-schaden-wird\/#primaryimage\"},\"thumbnailUrl\":\"https:\/\/now-news.de\/de\/wp-content\/uploads\/sites\/3\/2026\/03\/Ein-Tor-zur-Hoelle-Wie-der-Krieg-gegen-den-Iran.jpg\",\"keywords\":[\"DEM\",\"den\",\"der\",\"ein\",\"gegen\",\"H\u00f6lle\",\"Iran\",\"krieg\",\"schaden\",\"Tor\",\"Westen\",\"Wie\",\"wird\",\"zur\"],\"articleSection\":[\"Deutschland\",\"Russland\"],\"inLanguage\":\"de\",\"potentialAction\":[{\"@type\":\"CommentAction\",\"name\":\"Comment\",\"target\":[\"https:\/\/now-news.de\/de\/deutschland\/ein-tor-zur-hoelle-wie-der-krieg-gegen-den-iran-dem-westen-schaden-wird\/#respond\"]}]},{\"@type\":\"WebPage\",\"@id\":\"https:\/\/now-news.de\/de\/deutschland\/ein-tor-zur-hoelle-wie-der-krieg-gegen-den-iran-dem-westen-schaden-wird\/\",\"url\":\"https:\/\/now-news.de\/de\/deutschland\/ein-tor-zur-hoelle-wie-der-krieg-gegen-den-iran-dem-westen-schaden-wird\/\",\"name\":\"Ein Tor zur H\u00f6lle: Wie der Krieg gegen den Iran dem Westen schaden wird - just-now.NEWS Deutschland\",\"isPartOf\":{\"@id\":\"https:\/\/now-news.de\/de\/#website\"},\"primaryImageOfPage\":{\"@id\":\"https:\/\/now-news.de\/de\/deutschland\/ein-tor-zur-hoelle-wie-der-krieg-gegen-den-iran-dem-westen-schaden-wird\/#primaryimage\"},\"image\":{\"@id\":\"https:\/\/now-news.de\/de\/deutschland\/ein-tor-zur-hoelle-wie-der-krieg-gegen-den-iran-dem-westen-schaden-wird\/#primaryimage\"},\"thumbnailUrl\":\"https:\/\/now-news.de\/de\/wp-content\/uploads\/sites\/3\/2026\/03\/Ein-Tor-zur-Hoelle-Wie-der-Krieg-gegen-den-Iran.jpg\",\"datePublished\":\"2026-03-09T20:25:12+00:00\",\"dateModified\":\"2026-03-09T20:25:12+00:00\",\"breadcrumb\":{\"@id\":\"https:\/\/now-news.de\/de\/deutschland\/ein-tor-zur-hoelle-wie-der-krieg-gegen-den-iran-dem-westen-schaden-wird\/#breadcrumb\"},\"inLanguage\":\"de\",\"potentialAction\":[{\"@type\":\"ReadAction\",\"target\":[\"https:\/\/now-news.de\/de\/deutschland\/ein-tor-zur-hoelle-wie-der-krieg-gegen-den-iran-dem-westen-schaden-wird\/\"]}]},{\"@type\":\"ImageObject\",\"inLanguage\":\"de\",\"@id\":\"https:\/\/now-news.de\/de\/deutschland\/ein-tor-zur-hoelle-wie-der-krieg-gegen-den-iran-dem-westen-schaden-wird\/#primaryimage\",\"url\":\"https:\/\/now-news.de\/de\/wp-content\/uploads\/sites\/3\/2026\/03\/Ein-Tor-zur-Hoelle-Wie-der-Krieg-gegen-den-Iran.jpg\",\"contentUrl\":\"https:\/\/now-news.de\/de\/wp-content\/uploads\/sites\/3\/2026\/03\/Ein-Tor-zur-Hoelle-Wie-der-Krieg-gegen-den-Iran.jpg\",\"width\":460,\"height\":259,\"caption\":\"Ein Tor zur H\u00f6lle: Wie der Krieg gegen den Iran dem Westen schaden wird\"},{\"@type\":\"BreadcrumbList\",\"@id\":\"https:\/\/now-news.de\/de\/deutschland\/ein-tor-zur-hoelle-wie-der-krieg-gegen-den-iran-dem-westen-schaden-wird\/#breadcrumb\",\"itemListElement\":[{\"@type\":\"ListItem\",\"position\":1,\"name\":\"Home\",\"item\":\"https:\/\/now-news.de\/de\/\"},{\"@type\":\"ListItem\",\"position\":2,\"name\":\"Ein Tor zur H\u00f6lle: Wie der Krieg gegen den Iran dem Westen schaden wird\"}]},{\"@type\":\"WebSite\",\"@id\":\"https:\/\/now-news.de\/de\/#website\",\"url\":\"https:\/\/now-news.de\/de\/\",\"name\":\"just-now.NEWS Deutschland\",\"description\":\"Das Portal f\u00fcr unzensierte Nachrichten aus der Welt\",\"publisher\":{\"@id\":\"https:\/\/now-news.de\/de\/#organization\"},\"potentialAction\":[{\"@type\":\"SearchAction\",\"target\":{\"@type\":\"EntryPoint\",\"urlTemplate\":\"https:\/\/now-news.de\/de\/?s={search_term_string}\"},\"query-input\":\"required name=search_term_string\"}],\"inLanguage\":\"de\"},{\"@type\":\"Organization\",\"@id\":\"https:\/\/now-news.de\/de\/#organization\",\"name\":\"Just Now News\",\"url\":\"https:\/\/now-news.de\/de\/\",\"logo\":{\"@type\":\"ImageObject\",\"inLanguage\":\"de\",\"@id\":\"https:\/\/now-news.de\/de\/#\/schema\/logo\/image\/\",\"url\":\"http:\/\/just-now.news\/de\/wp-content\/uploads\/sites\/3\/2022\/04\/logo500x500.jpg\",\"contentUrl\":\"http:\/\/just-now.news\/de\/wp-content\/uploads\/sites\/3\/2022\/04\/logo500x500.jpg\",\"width\":500,\"height\":500,\"caption\":\"Just Now News\"},\"image\":{\"@id\":\"https:\/\/now-news.de\/de\/#\/schema\/logo\/image\/\"},\"sameAs\":[\"https:\/\/www.facebook.com\/wirmachenauf\",\"https:\/\/x.com\/WirMachenAuf_de\"]},{\"@type\":\"Person\",\"@id\":\"https:\/\/now-news.de\/de\/#\/schema\/person\/fb534a4e865501d8b3285208df34a9b5\",\"name\":\"rtnews\",\"image\":{\"@type\":\"ImageObject\",\"inLanguage\":\"de\",\"@id\":\"https:\/\/now-news.de\/de\/#\/schema\/person\/image\/\",\"url\":\"https:\/\/secure.gravatar.com\/avatar\/82aafea7d8127119dd649515f56e2117?s=96&d=mm&r=g\",\"contentUrl\":\"https:\/\/secure.gravatar.com\/avatar\/82aafea7d8127119dd649515f56e2117?s=96&d=mm&r=g\",\"caption\":\"rtnews\"},\"url\":\"https:\/\/now-news.de\/de\/author\/rnews\/\"}]}<\/script>\n<!-- \/ Yoast SEO Premium plugin. -->","yoast_head_json":{"title":"Ein Tor zur H\u00f6lle: Wie der Krieg gegen den Iran dem Westen schaden wird - just-now.NEWS Deutschland","robots":{"index":"index","follow":"follow","max-snippet":"max-snippet:-1","max-image-preview":"max-image-preview:large","max-video-preview":"max-video-preview:-1"},"canonical":"https:\/\/now-news.de\/de\/deutschland\/ein-tor-zur-hoelle-wie-der-krieg-gegen-den-iran-dem-westen-schaden-wird\/","og_locale":"de_DE","og_type":"article","og_title":"Ein Tor zur H\u00f6lle: Wie der Krieg gegen den Iran dem Westen schaden wird","og_description":"Die Doppelmoral des Westens ist kaum noch zu ertragen: Der neu entfachte Krieg in Nahost d\u00fcrfte lange und blutig werden und vor allem den USA und Europa schweren Schaden zuf\u00fcgen. Neben wirtschaftlichen Verwerfungen hat man nun endg\u00fcltig jegliche Glaubw\u00fcrdigkeit mit Blick auf Diplomatie verloren. Von\u00a0Michael von der Schulenburg\u00a0 In der westlichen Welt finden sich heute [&hellip;]","og_url":"https:\/\/now-news.de\/de\/deutschland\/ein-tor-zur-hoelle-wie-der-krieg-gegen-den-iran-dem-westen-schaden-wird\/","og_site_name":"just-now.NEWS Deutschland","article_publisher":"https:\/\/www.facebook.com\/wirmachenauf","article_published_time":"2026-03-09T20:25:12+00:00","og_image":[{"url":"https:\/\/now-news.de\/de\/wp-content\/uploads\/sites\/3\/2026\/03\/69aebb9848fbef0ae768ca34.jpg"}],"author":"rtnews","twitter_card":"summary_large_image","twitter_creator":"@WirMachenAuf_de","twitter_site":"@WirMachenAuf_de","twitter_misc":{"Verfasst von":"rtnews","Gesch\u00e4tzte Lesezeit":"9\u00a0Minuten"},"schema":{"@context":"https:\/\/schema.org","@graph":[{"@type":"Article","@id":"https:\/\/now-news.de\/de\/deutschland\/ein-tor-zur-hoelle-wie-der-krieg-gegen-den-iran-dem-westen-schaden-wird\/#article","isPartOf":{"@id":"https:\/\/now-news.de\/de\/deutschland\/ein-tor-zur-hoelle-wie-der-krieg-gegen-den-iran-dem-westen-schaden-wird\/"},"author":{"name":"rtnews","@id":"https:\/\/now-news.de\/de\/#\/schema\/person\/fb534a4e865501d8b3285208df34a9b5"},"headline":"Ein Tor zur H\u00f6lle: Wie der Krieg gegen den Iran dem Westen schaden wird","datePublished":"2026-03-09T20:25:12+00:00","dateModified":"2026-03-09T20:25:12+00:00","mainEntityOfPage":{"@id":"https:\/\/now-news.de\/de\/deutschland\/ein-tor-zur-hoelle-wie-der-krieg-gegen-den-iran-dem-westen-schaden-wird\/"},"wordCount":1746,"commentCount":0,"publisher":{"@id":"https:\/\/now-news.de\/de\/#organization"},"image":{"@id":"https:\/\/now-news.de\/de\/deutschland\/ein-tor-zur-hoelle-wie-der-krieg-gegen-den-iran-dem-westen-schaden-wird\/#primaryimage"},"thumbnailUrl":"https:\/\/now-news.de\/de\/wp-content\/uploads\/sites\/3\/2026\/03\/Ein-Tor-zur-Hoelle-Wie-der-Krieg-gegen-den-Iran.jpg","keywords":["DEM","den","der","ein","gegen","H\u00f6lle","Iran","krieg","schaden","Tor","Westen","Wie","wird","zur"],"articleSection":["Deutschland","Russland"],"inLanguage":"de","potentialAction":[{"@type":"CommentAction","name":"Comment","target":["https:\/\/now-news.de\/de\/deutschland\/ein-tor-zur-hoelle-wie-der-krieg-gegen-den-iran-dem-westen-schaden-wird\/#respond"]}]},{"@type":"WebPage","@id":"https:\/\/now-news.de\/de\/deutschland\/ein-tor-zur-hoelle-wie-der-krieg-gegen-den-iran-dem-westen-schaden-wird\/","url":"https:\/\/now-news.de\/de\/deutschland\/ein-tor-zur-hoelle-wie-der-krieg-gegen-den-iran-dem-westen-schaden-wird\/","name":"Ein Tor zur H\u00f6lle: Wie der Krieg gegen den Iran dem Westen schaden wird - just-now.NEWS Deutschland","isPartOf":{"@id":"https:\/\/now-news.de\/de\/#website"},"primaryImageOfPage":{"@id":"https:\/\/now-news.de\/de\/deutschland\/ein-tor-zur-hoelle-wie-der-krieg-gegen-den-iran-dem-westen-schaden-wird\/#primaryimage"},"image":{"@id":"https:\/\/now-news.de\/de\/deutschland\/ein-tor-zur-hoelle-wie-der-krieg-gegen-den-iran-dem-westen-schaden-wird\/#primaryimage"},"thumbnailUrl":"https:\/\/now-news.de\/de\/wp-content\/uploads\/sites\/3\/2026\/03\/Ein-Tor-zur-Hoelle-Wie-der-Krieg-gegen-den-Iran.jpg","datePublished":"2026-03-09T20:25:12+00:00","dateModified":"2026-03-09T20:25:12+00:00","breadcrumb":{"@id":"https:\/\/now-news.de\/de\/deutschland\/ein-tor-zur-hoelle-wie-der-krieg-gegen-den-iran-dem-westen-schaden-wird\/#breadcrumb"},"inLanguage":"de","potentialAction":[{"@type":"ReadAction","target":["https:\/\/now-news.de\/de\/deutschland\/ein-tor-zur-hoelle-wie-der-krieg-gegen-den-iran-dem-westen-schaden-wird\/"]}]},{"@type":"ImageObject","inLanguage":"de","@id":"https:\/\/now-news.de\/de\/deutschland\/ein-tor-zur-hoelle-wie-der-krieg-gegen-den-iran-dem-westen-schaden-wird\/#primaryimage","url":"https:\/\/now-news.de\/de\/wp-content\/uploads\/sites\/3\/2026\/03\/Ein-Tor-zur-Hoelle-Wie-der-Krieg-gegen-den-Iran.jpg","contentUrl":"https:\/\/now-news.de\/de\/wp-content\/uploads\/sites\/3\/2026\/03\/Ein-Tor-zur-Hoelle-Wie-der-Krieg-gegen-den-Iran.jpg","width":460,"height":259,"caption":"Ein Tor zur H\u00f6lle: Wie der Krieg gegen den Iran dem Westen schaden wird"},{"@type":"BreadcrumbList","@id":"https:\/\/now-news.de\/de\/deutschland\/ein-tor-zur-hoelle-wie-der-krieg-gegen-den-iran-dem-westen-schaden-wird\/#breadcrumb","itemListElement":[{"@type":"ListItem","position":1,"name":"Home","item":"https:\/\/now-news.de\/de\/"},{"@type":"ListItem","position":2,"name":"Ein Tor zur H\u00f6lle: Wie der Krieg gegen den Iran dem Westen schaden wird"}]},{"@type":"WebSite","@id":"https:\/\/now-news.de\/de\/#website","url":"https:\/\/now-news.de\/de\/","name":"just-now.NEWS Deutschland","description":"Das Portal f\u00fcr unzensierte Nachrichten aus der Welt","publisher":{"@id":"https:\/\/now-news.de\/de\/#organization"},"potentialAction":[{"@type":"SearchAction","target":{"@type":"EntryPoint","urlTemplate":"https:\/\/now-news.de\/de\/?s={search_term_string}"},"query-input":"required name=search_term_string"}],"inLanguage":"de"},{"@type":"Organization","@id":"https:\/\/now-news.de\/de\/#organization","name":"Just Now News","url":"https:\/\/now-news.de\/de\/","logo":{"@type":"ImageObject","inLanguage":"de","@id":"https:\/\/now-news.de\/de\/#\/schema\/logo\/image\/","url":"http:\/\/just-now.news\/de\/wp-content\/uploads\/sites\/3\/2022\/04\/logo500x500.jpg","contentUrl":"http:\/\/just-now.news\/de\/wp-content\/uploads\/sites\/3\/2022\/04\/logo500x500.jpg","width":500,"height":500,"caption":"Just Now News"},"image":{"@id":"https:\/\/now-news.de\/de\/#\/schema\/logo\/image\/"},"sameAs":["https:\/\/www.facebook.com\/wirmachenauf","https:\/\/x.com\/WirMachenAuf_de"]},{"@type":"Person","@id":"https:\/\/now-news.de\/de\/#\/schema\/person\/fb534a4e865501d8b3285208df34a9b5","name":"rtnews","image":{"@type":"ImageObject","inLanguage":"de","@id":"https:\/\/now-news.de\/de\/#\/schema\/person\/image\/","url":"https:\/\/secure.gravatar.com\/avatar\/82aafea7d8127119dd649515f56e2117?s=96&d=mm&r=g","contentUrl":"https:\/\/secure.gravatar.com\/avatar\/82aafea7d8127119dd649515f56e2117?s=96&d=mm&r=g","caption":"rtnews"},"url":"https:\/\/now-news.de\/de\/author\/rnews\/"}]}},"_links":{"self":[{"href":"https:\/\/now-news.de\/de\/wp-json\/wp\/v2\/posts\/100018"}],"collection":[{"href":"https:\/\/now-news.de\/de\/wp-json\/wp\/v2\/posts"}],"about":[{"href":"https:\/\/now-news.de\/de\/wp-json\/wp\/v2\/types\/post"}],"author":[{"embeddable":true,"href":"https:\/\/now-news.de\/de\/wp-json\/wp\/v2\/users\/3"}],"replies":[{"embeddable":true,"href":"https:\/\/now-news.de\/de\/wp-json\/wp\/v2\/comments?post=100018"}],"version-history":[{"count":0,"href":"https:\/\/now-news.de\/de\/wp-json\/wp\/v2\/posts\/100018\/revisions"}],"wp:featuredmedia":[{"embeddable":true,"href":"https:\/\/now-news.de\/de\/wp-json\/wp\/v2\/media\/100019"}],"wp:attachment":[{"href":"https:\/\/now-news.de\/de\/wp-json\/wp\/v2\/media?parent=100018"}],"wp:term":[{"taxonomy":"category","embeddable":true,"href":"https:\/\/now-news.de\/de\/wp-json\/wp\/v2\/categories?post=100018"},{"taxonomy":"post_tag","embeddable":true,"href":"https:\/\/now-news.de\/de\/wp-json\/wp\/v2\/tags?post=100018"}],"curies":[{"name":"wp","href":"https:\/\/api.w.org\/{rel}","templated":true}]}}